{"id":1395,"date":"2020-01-10T15:28:15","date_gmt":"2020-01-10T14:28:15","guid":{"rendered":"https:\/\/sidb-gicid.ch\/le-monde-celebre-les-infirmieres-et-les-sages-femmes\/"},"modified":"2020-05-24T13:03:06","modified_gmt":"2020-05-24T11:03:06","slug":"le-monde-celebre-les-infirmieres-et-les-sages-femmes","status":"publish","type":"post","link":"https:\/\/sidb-gicid.ch\/fr\/le-monde-celebre-les-infirmieres-et-les-sages-femmes\/","title":{"rendered":"Le monde c\u00e9l\u00e8bre les infirmi\u00e8res et les sages-femmes"},"content":{"rendered":"<p><img loading=\"lazy\" decoding=\"async\" class=\"size-medium wp-image-2654 alignleft\" src=\"https:\/\/sidb-gicid.ch\/wp-content\/uploads\/2020\/01\/Tabber_2020_SBK-300x110.png\" alt=\"\" width=\"300\" height=\"110\" srcset=\"https:\/\/sidb-gicid.ch\/wp-content\/uploads\/2020\/01\/Tabber_2020_SBK-300x110.png 300w, https:\/\/sidb-gicid.ch\/wp-content\/uploads\/2020\/01\/Tabber_2020_SBK-768x281.png 768w, https:\/\/sidb-gicid.ch\/wp-content\/uploads\/2020\/01\/Tabber_2020_SBK-705x258.png 705w, https:\/\/sidb-gicid.ch\/wp-content\/uploads\/2020\/01\/Tabber_2020_SBK.png 967w\" sizes=\"auto, (max-width: 300px) 100vw, 300px\" \/>L&rsquo;Organisation mondiale de la sant\u00e9 (OMS) a d\u00e9clar\u00e9 2020 l&rsquo;Ann\u00e9e internationale des infirmi\u00e8res et des sages-femmes. Elle appelle les gouvernements du monde entier \u00e0 promouvoir les sages-femmes et les infirmi\u00e8res et \u00e0 mieux utiliser leur potentiel. Il est \u00e9galement n\u00e9cessaire d&rsquo;agir en Suisse. Un d\u00e9fi majeur est le faible niveau de r\u00e9tention professionnelle dans les deux professions. Il faut donc accorder une grande attention aux conditions de travail, car elles ne sont pas assez attrayantes en Suisse, ce qui a pour cons\u00e9quence que de nombreux professionnels form\u00e9s quittent la profession. C&rsquo;est \u00e9galement l&rsquo;une des principales exigences de l&rsquo;initiative populaire sur les soins infirmiers, lanc\u00e9e par l&rsquo;ASI.<\/p>\n<hr \/>\n<p>&nbsp;<\/p>\n","protected":false},"excerpt":{"rendered":"<p>L&rsquo;Organisation mondiale de la sant\u00e9 (OMS) a d\u00e9clar\u00e9 2020 l&rsquo;Ann\u00e9e internationale des infirmi\u00e8res et des sages-femmes. Elle appelle les gouvernements du monde entier \u00e0 promouvoir les sages-femmes et les infirmi\u00e8res et \u00e0 mieux utiliser leur potentiel. Il est \u00e9galement n\u00e9cessaire d&rsquo;agir en Suisse. Un d\u00e9fi majeur est le faible niveau de r\u00e9tention professionnelle dans les [&hellip;]<\/p>\n","protected":false},"author":3,"featured_media":0,"comment_status":"closed","ping_status":"open","sticky":false,"template":"","format":"standard","meta":{"footnotes":""},"categories":[14],"tags":[],"class_list":["post-1395","post","type-post","status-publish","format-standard","hentry","category-non-classifiee"],"yoast_head":"<!-- This site is optimized with the Yoast SEO plugin v27.4 - https:\/\/yoast.com\/product\/yoast-seo-wordpress\/ -->\n<title>Le monde c\u00e9l\u00e8bre les infirmi\u00e8res et les sages-femmes | SIDB<\/title>\n<meta name=\"description\" content=\"Le monde c\u00e9l\u00e8bre les infirmi\u00e8res et les sages-femmes. Le groupe d&#039;int\u00e9r\u00eat pour le conseil en mati\u00e8re de diab\u00e8te s&#039;est engag\u00e9 \u00e0 fournir des conseils professionnels sur le diab\u00e8te.\" \/>\n<meta name=\"robots\" content=\"index, follow, max-snippet:-1, max-image-preview:large, max-video-preview:-1\" \/>\n<link rel=\"canonical\" href=\"https:\/\/sidb-gicid.ch\/fr\/le-monde-celebre-les-infirmieres-et-les-sages-femmes\/\" \/>\n<meta property=\"og:locale\" content=\"fr_FR\" \/>\n<meta property=\"og:type\" content=\"article\" \/>\n<meta property=\"og:title\" content=\"Le monde c\u00e9l\u00e8bre les infirmi\u00e8res et les sages-femmes | SIDB\" \/>\n<meta property=\"og:description\" content=\"Le monde c\u00e9l\u00e8bre les infirmi\u00e8res et les sages-femmes. Le groupe d&#039;int\u00e9r\u00eat pour le conseil en mati\u00e8re de diab\u00e8te s&#039;est engag\u00e9 \u00e0 fournir des conseils professionnels sur le diab\u00e8te.\" \/>\n<meta property=\"og:url\" content=\"https:\/\/sidb-gicid.ch\/fr\/le-monde-celebre-les-infirmieres-et-les-sages-femmes\/\" \/>\n<meta property=\"og:site_name\" content=\"SIDB GICID\" \/>\n<meta property=\"article:published_time\" content=\"2020-01-10T14:28:15+00:00\" \/>\n<meta property=\"article:modified_time\" content=\"2020-05-24T11:03:06+00:00\" \/>\n<meta property=\"og:image\" content=\"https:\/\/sidb-gicid.ch\/wp-content\/uploads\/2020\/01\/Tabber_2020_SBK-300x110.png\" \/>\n<meta name=\"author\" content=\"sidb_admin\" \/>\n<meta name=\"twitter:card\" content=\"summary_large_image\" \/>\n<meta name=\"twitter:label1\" content=\"\u00c9crit par\" \/>\n\t<meta name=\"twitter:data1\" content=\"sidb_admin\" \/>\n\t<meta name=\"twitter:label2\" content=\"Dur\u00e9e de lecture estim\u00e9e\" \/>\n\t<meta name=\"twitter:data2\" content=\"1 minute\" \/>\n<script type=\"application\/ld+json\" class=\"yoast-schema-graph\">{\"@context\":\"https:\\\/\\\/schema.org\",\"@graph\":[{\"@type\":\"Article\",\"@id\":\"https:\\\/\\\/sidb-gicid.ch\\\/fr\\\/le-monde-celebre-les-infirmieres-et-les-sages-femmes\\\/#article\",\"isPartOf\":{\"@id\":\"https:\\\/\\\/sidb-gicid.ch\\\/fr\\\/le-monde-celebre-les-infirmieres-et-les-sages-femmes\\\/\"},\"author\":{\"name\":\"sidb_admin\",\"@id\":\"https:\\\/\\\/sidb-gicid.ch\\\/fr\\\/#\\\/schema\\\/person\\\/b0cf1662a08ffd7c4d1d2c145099163d\"},\"headline\":\"Le monde c\u00e9l\u00e8bre les infirmi\u00e8res et les sages-femmes\",\"datePublished\":\"2020-01-10T14:28:15+00:00\",\"dateModified\":\"2020-05-24T11:03:06+00:00\",\"mainEntityOfPage\":{\"@id\":\"https:\\\/\\\/sidb-gicid.ch\\\/fr\\\/le-monde-celebre-les-infirmieres-et-les-sages-femmes\\\/\"},\"wordCount\":132,\"image\":{\"@id\":\"https:\\\/\\\/sidb-gicid.ch\\\/fr\\\/le-monde-celebre-les-infirmieres-et-les-sages-femmes\\\/#primaryimage\"},\"thumbnailUrl\":\"https:\\\/\\\/sidb-gicid.ch\\\/wp-content\\\/uploads\\\/2020\\\/01\\\/Tabber_2020_SBK-300x110.png\",\"articleSection\":[\"Non classifi\u00e9(e)\"],\"inLanguage\":\"fr-FR\"},{\"@type\":\"WebPage\",\"@id\":\"https:\\\/\\\/sidb-gicid.ch\\\/fr\\\/le-monde-celebre-les-infirmieres-et-les-sages-femmes\\\/\",\"url\":\"https:\\\/\\\/sidb-gicid.ch\\\/fr\\\/le-monde-celebre-les-infirmieres-et-les-sages-femmes\\\/\",\"name\":\"Le monde c\u00e9l\u00e8bre les infirmi\u00e8res et les sages-femmes | SIDB\",\"isPartOf\":{\"@id\":\"https:\\\/\\\/sidb-gicid.ch\\\/fr\\\/#website\"},\"primaryImageOfPage\":{\"@id\":\"https:\\\/\\\/sidb-gicid.ch\\\/fr\\\/le-monde-celebre-les-infirmieres-et-les-sages-femmes\\\/#primaryimage\"},\"image\":{\"@id\":\"https:\\\/\\\/sidb-gicid.ch\\\/fr\\\/le-monde-celebre-les-infirmieres-et-les-sages-femmes\\\/#primaryimage\"},\"thumbnailUrl\":\"https:\\\/\\\/sidb-gicid.ch\\\/wp-content\\\/uploads\\\/2020\\\/01\\\/Tabber_2020_SBK-300x110.png\",\"datePublished\":\"2020-01-10T14:28:15+00:00\",\"dateModified\":\"2020-05-24T11:03:06+00:00\",\"author\":{\"@id\":\"https:\\\/\\\/sidb-gicid.ch\\\/fr\\\/#\\\/schema\\\/person\\\/b0cf1662a08ffd7c4d1d2c145099163d\"},\"description\":\"Le monde c\u00e9l\u00e8bre les infirmi\u00e8res et les sages-femmes. Le groupe d'int\u00e9r\u00eat pour le conseil en mati\u00e8re de diab\u00e8te s'est engag\u00e9 \u00e0 fournir des conseils professionnels sur le diab\u00e8te.\",\"breadcrumb\":{\"@id\":\"https:\\\/\\\/sidb-gicid.ch\\\/fr\\\/le-monde-celebre-les-infirmieres-et-les-sages-femmes\\\/#breadcrumb\"},\"inLanguage\":\"fr-FR\",\"potentialAction\":[{\"@type\":\"ReadAction\",\"target\":[\"https:\\\/\\\/sidb-gicid.ch\\\/fr\\\/le-monde-celebre-les-infirmieres-et-les-sages-femmes\\\/\"]}]},{\"@type\":\"ImageObject\",\"inLanguage\":\"fr-FR\",\"@id\":\"https:\\\/\\\/sidb-gicid.ch\\\/fr\\\/le-monde-celebre-les-infirmieres-et-les-sages-femmes\\\/#primaryimage\",\"url\":\"https:\\\/\\\/sidb-gicid.ch\\\/wp-content\\\/uploads\\\/2020\\\/01\\\/Tabber_2020_SBK-300x110.png\",\"contentUrl\":\"https:\\\/\\\/sidb-gicid.ch\\\/wp-content\\\/uploads\\\/2020\\\/01\\\/Tabber_2020_SBK-300x110.png\"},{\"@type\":\"BreadcrumbList\",\"@id\":\"https:\\\/\\\/sidb-gicid.ch\\\/fr\\\/le-monde-celebre-les-infirmieres-et-les-sages-femmes\\\/#breadcrumb\",\"itemListElement\":[{\"@type\":\"ListItem\",\"position\":1,\"name\":\"Home\",\"item\":\"https:\\\/\\\/sidb-gicid.ch\\\/fr\\\/home\\\/\"},{\"@type\":\"ListItem\",\"position\":2,\"name\":\"Le monde c\u00e9l\u00e8bre les infirmi\u00e8res et les sages-femmes\"}]},{\"@type\":\"WebSite\",\"@id\":\"https:\\\/\\\/sidb-gicid.ch\\\/fr\\\/#website\",\"url\":\"https:\\\/\\\/sidb-gicid.ch\\\/fr\\\/\",\"name\":\"SIDB GICID\",\"description\":\"\",\"potentialAction\":[{\"@type\":\"SearchAction\",\"target\":{\"@type\":\"EntryPoint\",\"urlTemplate\":\"https:\\\/\\\/sidb-gicid.ch\\\/fr\\\/?s={search_term_string}\"},\"query-input\":{\"@type\":\"PropertyValueSpecification\",\"valueRequired\":true,\"valueName\":\"search_term_string\"}}],\"inLanguage\":\"fr-FR\"},{\"@type\":\"Person\",\"@id\":\"https:\\\/\\\/sidb-gicid.ch\\\/fr\\\/#\\\/schema\\\/person\\\/b0cf1662a08ffd7c4d1d2c145099163d\",\"name\":\"sidb_admin\",\"image\":{\"@type\":\"ImageObject\",\"inLanguage\":\"fr-FR\",\"@id\":\"https:\\\/\\\/secure.gravatar.com\\\/avatar\\\/76969b5badf1d89862f26e8d224798f2f4d33ffe62a9db56d3664f912739316a?s=96&d=mm&r=g\",\"url\":\"https:\\\/\\\/secure.gravatar.com\\\/avatar\\\/76969b5badf1d89862f26e8d224798f2f4d33ffe62a9db56d3664f912739316a?s=96&d=mm&r=g\",\"contentUrl\":\"https:\\\/\\\/secure.gravatar.com\\\/avatar\\\/76969b5badf1d89862f26e8d224798f2f4d33ffe62a9db56d3664f912739316a?s=96&d=mm&r=g\",\"caption\":\"sidb_admin\"}}]}<\/script>\n<!-- \/ Yoast SEO plugin. -->","yoast_head_json":{"title":"Le monde c\u00e9l\u00e8bre les infirmi\u00e8res et les sages-femmes | SIDB","description":"Le monde c\u00e9l\u00e8bre les infirmi\u00e8res et les sages-femmes. Le groupe d'int\u00e9r\u00eat pour le conseil en mati\u00e8re de diab\u00e8te s'est engag\u00e9 \u00e0 fournir des conseils professionnels sur le diab\u00e8te.","robots":{"index":"index","follow":"follow","max-snippet":"max-snippet:-1","max-image-preview":"max-image-preview:large","max-video-preview":"max-video-preview:-1"},"canonical":"https:\/\/sidb-gicid.ch\/fr\/le-monde-celebre-les-infirmieres-et-les-sages-femmes\/","og_locale":"fr_FR","og_type":"article","og_title":"Le monde c\u00e9l\u00e8bre les infirmi\u00e8res et les sages-femmes | SIDB","og_description":"Le monde c\u00e9l\u00e8bre les infirmi\u00e8res et les sages-femmes. Le groupe d'int\u00e9r\u00eat pour le conseil en mati\u00e8re de diab\u00e8te s'est engag\u00e9 \u00e0 fournir des conseils professionnels sur le diab\u00e8te.","og_url":"https:\/\/sidb-gicid.ch\/fr\/le-monde-celebre-les-infirmieres-et-les-sages-femmes\/","og_site_name":"SIDB GICID","article_published_time":"2020-01-10T14:28:15+00:00","article_modified_time":"2020-05-24T11:03:06+00:00","og_image":[{"url":"https:\/\/sidb-gicid.ch\/wp-content\/uploads\/2020\/01\/Tabber_2020_SBK-300x110.png","type":"","width":"","height":""}],"author":"sidb_admin","twitter_card":"summary_large_image","twitter_misc":{"\u00c9crit par":"sidb_admin","Dur\u00e9e de lecture estim\u00e9e":"1 minute"},"schema":{"@context":"https:\/\/schema.org","@graph":[{"@type":"Article","@id":"https:\/\/sidb-gicid.ch\/fr\/le-monde-celebre-les-infirmieres-et-les-sages-femmes\/#article","isPartOf":{"@id":"https:\/\/sidb-gicid.ch\/fr\/le-monde-celebre-les-infirmieres-et-les-sages-femmes\/"},"author":{"name":"sidb_admin","@id":"https:\/\/sidb-gicid.ch\/fr\/#\/schema\/person\/b0cf1662a08ffd7c4d1d2c145099163d"},"headline":"Le monde c\u00e9l\u00e8bre les infirmi\u00e8res et les sages-femmes","datePublished":"2020-01-10T14:28:15+00:00","dateModified":"2020-05-24T11:03:06+00:00","mainEntityOfPage":{"@id":"https:\/\/sidb-gicid.ch\/fr\/le-monde-celebre-les-infirmieres-et-les-sages-femmes\/"},"wordCount":132,"image":{"@id":"https:\/\/sidb-gicid.ch\/fr\/le-monde-celebre-les-infirmieres-et-les-sages-femmes\/#primaryimage"},"thumbnailUrl":"https:\/\/sidb-gicid.ch\/wp-content\/uploads\/2020\/01\/Tabber_2020_SBK-300x110.png","articleSection":["Non classifi\u00e9(e)"],"inLanguage":"fr-FR"},{"@type":"WebPage","@id":"https:\/\/sidb-gicid.ch\/fr\/le-monde-celebre-les-infirmieres-et-les-sages-femmes\/","url":"https:\/\/sidb-gicid.ch\/fr\/le-monde-celebre-les-infirmieres-et-les-sages-femmes\/","name":"Le monde c\u00e9l\u00e8bre les infirmi\u00e8res et les sages-femmes | SIDB","isPartOf":{"@id":"https:\/\/sidb-gicid.ch\/fr\/#website"},"primaryImageOfPage":{"@id":"https:\/\/sidb-gicid.ch\/fr\/le-monde-celebre-les-infirmieres-et-les-sages-femmes\/#primaryimage"},"image":{"@id":"https:\/\/sidb-gicid.ch\/fr\/le-monde-celebre-les-infirmieres-et-les-sages-femmes\/#primaryimage"},"thumbnailUrl":"https:\/\/sidb-gicid.ch\/wp-content\/uploads\/2020\/01\/Tabber_2020_SBK-300x110.png","datePublished":"2020-01-10T14:28:15+00:00","dateModified":"2020-05-24T11:03:06+00:00","author":{"@id":"https:\/\/sidb-gicid.ch\/fr\/#\/schema\/person\/b0cf1662a08ffd7c4d1d2c145099163d"},"description":"Le monde c\u00e9l\u00e8bre les infirmi\u00e8res et les sages-femmes. Le groupe d'int\u00e9r\u00eat pour le conseil en mati\u00e8re de diab\u00e8te s'est engag\u00e9 \u00e0 fournir des conseils professionnels sur le diab\u00e8te.","breadcrumb":{"@id":"https:\/\/sidb-gicid.ch\/fr\/le-monde-celebre-les-infirmieres-et-les-sages-femmes\/#breadcrumb"},"inLanguage":"fr-FR","potentialAction":[{"@type":"ReadAction","target":["https:\/\/sidb-gicid.ch\/fr\/le-monde-celebre-les-infirmieres-et-les-sages-femmes\/"]}]},{"@type":"ImageObject","inLanguage":"fr-FR","@id":"https:\/\/sidb-gicid.ch\/fr\/le-monde-celebre-les-infirmieres-et-les-sages-femmes\/#primaryimage","url":"https:\/\/sidb-gicid.ch\/wp-content\/uploads\/2020\/01\/Tabber_2020_SBK-300x110.png","contentUrl":"https:\/\/sidb-gicid.ch\/wp-content\/uploads\/2020\/01\/Tabber_2020_SBK-300x110.png"},{"@type":"BreadcrumbList","@id":"https:\/\/sidb-gicid.ch\/fr\/le-monde-celebre-les-infirmieres-et-les-sages-femmes\/#breadcrumb","itemListElement":[{"@type":"ListItem","position":1,"name":"Home","item":"https:\/\/sidb-gicid.ch\/fr\/home\/"},{"@type":"ListItem","position":2,"name":"Le monde c\u00e9l\u00e8bre les infirmi\u00e8res et les sages-femmes"}]},{"@type":"WebSite","@id":"https:\/\/sidb-gicid.ch\/fr\/#website","url":"https:\/\/sidb-gicid.ch\/fr\/","name":"SIDB GICID","description":"","potentialAction":[{"@type":"SearchAction","target":{"@type":"EntryPoint","urlTemplate":"https:\/\/sidb-gicid.ch\/fr\/?s={search_term_string}"},"query-input":{"@type":"PropertyValueSpecification","valueRequired":true,"valueName":"search_term_string"}}],"inLanguage":"fr-FR"},{"@type":"Person","@id":"https:\/\/sidb-gicid.ch\/fr\/#\/schema\/person\/b0cf1662a08ffd7c4d1d2c145099163d","name":"sidb_admin","image":{"@type":"ImageObject","inLanguage":"fr-FR","@id":"https:\/\/secure.gravatar.com\/avatar\/76969b5badf1d89862f26e8d224798f2f4d33ffe62a9db56d3664f912739316a?s=96&d=mm&r=g","url":"https:\/\/secure.gravatar.com\/avatar\/76969b5badf1d89862f26e8d224798f2f4d33ffe62a9db56d3664f912739316a?s=96&d=mm&r=g","contentUrl":"https:\/\/secure.gravatar.com\/avatar\/76969b5badf1d89862f26e8d224798f2f4d33ffe62a9db56d3664f912739316a?s=96&d=mm&r=g","caption":"sidb_admin"}}]}},"_links":{"self":[{"href":"https:\/\/sidb-gicid.ch\/fr\/wp-json\/wp\/v2\/posts\/1395","targetHints":{"allow":["GET"]}}],"collection":[{"href":"https:\/\/sidb-gicid.ch\/fr\/wp-json\/wp\/v2\/posts"}],"about":[{"href":"https:\/\/sidb-gicid.ch\/fr\/wp-json\/wp\/v2\/types\/post"}],"author":[{"embeddable":true,"href":"https:\/\/sidb-gicid.ch\/fr\/wp-json\/wp\/v2\/users\/3"}],"replies":[{"embeddable":true,"href":"https:\/\/sidb-gicid.ch\/fr\/wp-json\/wp\/v2\/comments?post=1395"}],"version-history":[{"count":5,"href":"https:\/\/sidb-gicid.ch\/fr\/wp-json\/wp\/v2\/posts\/1395\/revisions"}],"predecessor-version":[{"id":2972,"href":"https:\/\/sidb-gicid.ch\/fr\/wp-json\/wp\/v2\/posts\/1395\/revisions\/2972"}],"wp:attachment":[{"href":"https:\/\/sidb-gicid.ch\/fr\/wp-json\/wp\/v2\/media?parent=1395"}],"wp:term":[{"taxonomy":"category","embeddable":true,"href":"https:\/\/sidb-gicid.ch\/fr\/wp-json\/wp\/v2\/categories?post=1395"},{"taxonomy":"post_tag","embeddable":true,"href":"https:\/\/sidb-gicid.ch\/fr\/wp-json\/wp\/v2\/tags?post=1395"}],"curies":[{"name":"wp","href":"https:\/\/api.w.org\/{rel}","templated":true}]}}