{"id":2577,"date":"2020-05-11T18:08:52","date_gmt":"2020-05-11T16:08:52","guid":{"rendered":"https:\/\/sidb-gicid.ch\/?p=2577"},"modified":"2020-05-12T15:11:33","modified_gmt":"2020-05-12T13:11:33","slug":"lasi-exige-la-mise-en-oeuvre-immediate-des-revendications-de-linitiative-sur-les-soins-infirmiers","status":"publish","type":"post","link":"https:\/\/sidb-gicid.ch\/fr\/lasi-exige-la-mise-en-oeuvre-immediate-des-revendications-de-linitiative-sur-les-soins-infirmiers\/","title":{"rendered":"L&rsquo;initiative sur les soins infirmiers: ASI exige la mise en \u0153uvre imm\u00e9diate des revendications"},"content":{"rendered":"<p>Dans une lettre ouverte au Parlement, l&rsquo;ASI demande \u00ab\u00a0des actes au lieu de paroles\u00a0\u00bb. La pand\u00e9mie de Covid 19 a impitoyablement mis en \u00e9vidence les faiblesses du syst\u00e8me de sant\u00e9 suisse, et le personnel infirmier paye d\u00e9sormais la facture d&rsquo;ann\u00e9es de n\u00e9gligence politique, a expliqu\u00e9 la\u00a0 pr\u00e9sidente Sophie Ley.<\/p>\n<p>La d\u00e9pendance de la Suisse vis-\u00e0-vis de l&rsquo;\u00e9tranger est dangereuse, a-t-elle d\u00e9clar\u00e9. \u00ab\u00a0Si nos pays voisins avaient r\u00e9clam\u00e9 leur personnel infirmier travaillant en Suisse pour leurs propres soins de sant\u00e9, notre pays se serait dirig\u00e9 vers une catastrophe\u00a0\u00bb. L&rsquo;association souligne depuis des ann\u00e9es que la Suisse forme beaucoup trop peu de professionnels des soins infirmiers et que ceux qui sont form\u00e9s quittent la profession frustr\u00e9s parce que la charge est trop \u00e9lev\u00e9e et que le salaire et la reconnaissance sont trop faibles.<\/p>\n<p>Les arguments \u00e9tay\u00e9s par de nombreuses \u00e9tudes sont sur la table depuis longtemps, et les d\u00e9put\u00e9s savent ce qui est en jeu.<\/p>\n","protected":false},"excerpt":{"rendered":"<p>Dans une lettre ouverte au Parlement, l&rsquo;ASI demande \u00ab\u00a0des actes au lieu de paroles\u00a0\u00bb. La pand\u00e9mie de Covid 19 a impitoyablement mis en \u00e9vidence les faiblesses du syst\u00e8me de sant\u00e9 suisse, et le personnel infirmier paye d\u00e9sormais la facture d&rsquo;ann\u00e9es de n\u00e9gligence politique, a expliqu\u00e9 la\u00a0 pr\u00e9sidente Sophie Ley. La d\u00e9pendance de la Suisse vis-\u00e0-vis [&hellip;]<\/p>\n","protected":false},"author":3,"featured_media":0,"comment_status":"closed","ping_status":"closed","sticky":false,"template":"","format":"standard","meta":{"footnotes":""},"categories":[29],"tags":[],"class_list":["post-2577","post","type-post","status-publish","format-standard","hentry","category-news-fr"],"yoast_head":"<!-- This site is optimized with the Yoast SEO plugin v27.4 - https:\/\/yoast.com\/product\/yoast-seo-wordpress\/ -->\n<title>L&#039;initiative sur les soins infirmiers: ASI exige la mise en \u0153uvre imm\u00e9diate des revendications | SIDB<\/title>\n<meta name=\"description\" content=\"L&#039;initiative sur les soins infirmiers: ASI exige la mise en \u0153uvre imm\u00e9diate des revendications. Le GICID soutient l&#039;initiative sur les soins infirmiers\" \/>\n<meta name=\"robots\" content=\"index, follow, max-snippet:-1, max-image-preview:large, max-video-preview:-1\" \/>\n<link rel=\"canonical\" href=\"https:\/\/sidb-gicid.ch\/fr\/lasi-exige-la-mise-en-oeuvre-immediate-des-revendications-de-linitiative-sur-les-soins-infirmiers\/\" \/>\n<meta property=\"og:locale\" content=\"fr_FR\" \/>\n<meta property=\"og:type\" content=\"article\" \/>\n<meta property=\"og:title\" content=\"L&#039;initiative sur les soins infirmiers: ASI exige la mise en \u0153uvre imm\u00e9diate des revendications | SIDB\" \/>\n<meta property=\"og:description\" content=\"L&#039;initiative sur les soins infirmiers: ASI exige la mise en \u0153uvre imm\u00e9diate des revendications. Le GICID soutient l&#039;initiative sur les soins infirmiers\" \/>\n<meta property=\"og:url\" content=\"https:\/\/sidb-gicid.ch\/fr\/lasi-exige-la-mise-en-oeuvre-immediate-des-revendications-de-linitiative-sur-les-soins-infirmiers\/\" \/>\n<meta property=\"og:site_name\" content=\"SIDB GICID\" \/>\n<meta property=\"article:published_time\" content=\"2020-05-11T16:08:52+00:00\" \/>\n<meta property=\"article:modified_time\" content=\"2020-05-12T13:11:33+00:00\" \/>\n<meta name=\"author\" content=\"sidb_admin\" \/>\n<meta name=\"twitter:card\" content=\"summary_large_image\" \/>\n<meta name=\"twitter:label1\" content=\"\u00c9crit par\" \/>\n\t<meta name=\"twitter:data1\" content=\"sidb_admin\" \/>\n\t<meta name=\"twitter:label2\" content=\"Dur\u00e9e de lecture estim\u00e9e\" \/>\n\t<meta name=\"twitter:data2\" content=\"1 minute\" \/>\n<script type=\"application\/ld+json\" class=\"yoast-schema-graph\">{\"@context\":\"https:\\\/\\\/schema.org\",\"@graph\":[{\"@type\":\"Article\",\"@id\":\"https:\\\/\\\/sidb-gicid.ch\\\/fr\\\/lasi-exige-la-mise-en-oeuvre-immediate-des-revendications-de-linitiative-sur-les-soins-infirmiers\\\/#article\",\"isPartOf\":{\"@id\":\"https:\\\/\\\/sidb-gicid.ch\\\/fr\\\/lasi-exige-la-mise-en-oeuvre-immediate-des-revendications-de-linitiative-sur-les-soins-infirmiers\\\/\"},\"author\":{\"name\":\"sidb_admin\",\"@id\":\"https:\\\/\\\/sidb-gicid.ch\\\/fr\\\/#\\\/schema\\\/person\\\/b0cf1662a08ffd7c4d1d2c145099163d\"},\"headline\":\"L&rsquo;initiative sur les soins infirmiers: ASI exige la mise en \u0153uvre imm\u00e9diate des revendications\",\"datePublished\":\"2020-05-11T16:08:52+00:00\",\"dateModified\":\"2020-05-12T13:11:33+00:00\",\"mainEntityOfPage\":{\"@id\":\"https:\\\/\\\/sidb-gicid.ch\\\/fr\\\/lasi-exige-la-mise-en-oeuvre-immediate-des-revendications-de-linitiative-sur-les-soins-infirmiers\\\/\"},\"wordCount\":189,\"articleSection\":[\"News\"],\"inLanguage\":\"fr-FR\"},{\"@type\":\"WebPage\",\"@id\":\"https:\\\/\\\/sidb-gicid.ch\\\/fr\\\/lasi-exige-la-mise-en-oeuvre-immediate-des-revendications-de-linitiative-sur-les-soins-infirmiers\\\/\",\"url\":\"https:\\\/\\\/sidb-gicid.ch\\\/fr\\\/lasi-exige-la-mise-en-oeuvre-immediate-des-revendications-de-linitiative-sur-les-soins-infirmiers\\\/\",\"name\":\"L'initiative sur les soins infirmiers: ASI exige la mise en \u0153uvre imm\u00e9diate des revendications | SIDB\",\"isPartOf\":{\"@id\":\"https:\\\/\\\/sidb-gicid.ch\\\/fr\\\/#website\"},\"datePublished\":\"2020-05-11T16:08:52+00:00\",\"dateModified\":\"2020-05-12T13:11:33+00:00\",\"author\":{\"@id\":\"https:\\\/\\\/sidb-gicid.ch\\\/fr\\\/#\\\/schema\\\/person\\\/b0cf1662a08ffd7c4d1d2c145099163d\"},\"description\":\"L'initiative sur les soins infirmiers: ASI exige la mise en \u0153uvre imm\u00e9diate des revendications. Le GICID soutient l'initiative sur les soins infirmiers\",\"breadcrumb\":{\"@id\":\"https:\\\/\\\/sidb-gicid.ch\\\/fr\\\/lasi-exige-la-mise-en-oeuvre-immediate-des-revendications-de-linitiative-sur-les-soins-infirmiers\\\/#breadcrumb\"},\"inLanguage\":\"fr-FR\",\"potentialAction\":[{\"@type\":\"ReadAction\",\"target\":[\"https:\\\/\\\/sidb-gicid.ch\\\/fr\\\/lasi-exige-la-mise-en-oeuvre-immediate-des-revendications-de-linitiative-sur-les-soins-infirmiers\\\/\"]}]},{\"@type\":\"BreadcrumbList\",\"@id\":\"https:\\\/\\\/sidb-gicid.ch\\\/fr\\\/lasi-exige-la-mise-en-oeuvre-immediate-des-revendications-de-linitiative-sur-les-soins-infirmiers\\\/#breadcrumb\",\"itemListElement\":[{\"@type\":\"ListItem\",\"position\":1,\"name\":\"Home\",\"item\":\"https:\\\/\\\/sidb-gicid.ch\\\/fr\\\/home\\\/\"},{\"@type\":\"ListItem\",\"position\":2,\"name\":\"L&rsquo;initiative sur les soins infirmiers: ASI exige la mise en \u0153uvre imm\u00e9diate des revendications\"}]},{\"@type\":\"WebSite\",\"@id\":\"https:\\\/\\\/sidb-gicid.ch\\\/fr\\\/#website\",\"url\":\"https:\\\/\\\/sidb-gicid.ch\\\/fr\\\/\",\"name\":\"SIDB GICID\",\"description\":\"\",\"potentialAction\":[{\"@type\":\"SearchAction\",\"target\":{\"@type\":\"EntryPoint\",\"urlTemplate\":\"https:\\\/\\\/sidb-gicid.ch\\\/fr\\\/?s={search_term_string}\"},\"query-input\":{\"@type\":\"PropertyValueSpecification\",\"valueRequired\":true,\"valueName\":\"search_term_string\"}}],\"inLanguage\":\"fr-FR\"},{\"@type\":\"Person\",\"@id\":\"https:\\\/\\\/sidb-gicid.ch\\\/fr\\\/#\\\/schema\\\/person\\\/b0cf1662a08ffd7c4d1d2c145099163d\",\"name\":\"sidb_admin\",\"image\":{\"@type\":\"ImageObject\",\"inLanguage\":\"fr-FR\",\"@id\":\"https:\\\/\\\/secure.gravatar.com\\\/avatar\\\/76969b5badf1d89862f26e8d224798f2f4d33ffe62a9db56d3664f912739316a?s=96&d=mm&r=g\",\"url\":\"https:\\\/\\\/secure.gravatar.com\\\/avatar\\\/76969b5badf1d89862f26e8d224798f2f4d33ffe62a9db56d3664f912739316a?s=96&d=mm&r=g\",\"contentUrl\":\"https:\\\/\\\/secure.gravatar.com\\\/avatar\\\/76969b5badf1d89862f26e8d224798f2f4d33ffe62a9db56d3664f912739316a?s=96&d=mm&r=g\",\"caption\":\"sidb_admin\"}}]}<\/script>\n<!-- \/ Yoast SEO plugin. -->","yoast_head_json":{"title":"L'initiative sur les soins infirmiers: ASI exige la mise en \u0153uvre imm\u00e9diate des revendications | SIDB","description":"L'initiative sur les soins infirmiers: ASI exige la mise en \u0153uvre imm\u00e9diate des revendications. Le GICID soutient l'initiative sur les soins infirmiers","robots":{"index":"index","follow":"follow","max-snippet":"max-snippet:-1","max-image-preview":"max-image-preview:large","max-video-preview":"max-video-preview:-1"},"canonical":"https:\/\/sidb-gicid.ch\/fr\/lasi-exige-la-mise-en-oeuvre-immediate-des-revendications-de-linitiative-sur-les-soins-infirmiers\/","og_locale":"fr_FR","og_type":"article","og_title":"L'initiative sur les soins infirmiers: ASI exige la mise en \u0153uvre imm\u00e9diate des revendications | SIDB","og_description":"L'initiative sur les soins infirmiers: ASI exige la mise en \u0153uvre imm\u00e9diate des revendications. Le GICID soutient l'initiative sur les soins infirmiers","og_url":"https:\/\/sidb-gicid.ch\/fr\/lasi-exige-la-mise-en-oeuvre-immediate-des-revendications-de-linitiative-sur-les-soins-infirmiers\/","og_site_name":"SIDB GICID","article_published_time":"2020-05-11T16:08:52+00:00","article_modified_time":"2020-05-12T13:11:33+00:00","author":"sidb_admin","twitter_card":"summary_large_image","twitter_misc":{"\u00c9crit par":"sidb_admin","Dur\u00e9e de lecture estim\u00e9e":"1 minute"},"schema":{"@context":"https:\/\/schema.org","@graph":[{"@type":"Article","@id":"https:\/\/sidb-gicid.ch\/fr\/lasi-exige-la-mise-en-oeuvre-immediate-des-revendications-de-linitiative-sur-les-soins-infirmiers\/#article","isPartOf":{"@id":"https:\/\/sidb-gicid.ch\/fr\/lasi-exige-la-mise-en-oeuvre-immediate-des-revendications-de-linitiative-sur-les-soins-infirmiers\/"},"author":{"name":"sidb_admin","@id":"https:\/\/sidb-gicid.ch\/fr\/#\/schema\/person\/b0cf1662a08ffd7c4d1d2c145099163d"},"headline":"L&rsquo;initiative sur les soins infirmiers: ASI exige la mise en \u0153uvre imm\u00e9diate des revendications","datePublished":"2020-05-11T16:08:52+00:00","dateModified":"2020-05-12T13:11:33+00:00","mainEntityOfPage":{"@id":"https:\/\/sidb-gicid.ch\/fr\/lasi-exige-la-mise-en-oeuvre-immediate-des-revendications-de-linitiative-sur-les-soins-infirmiers\/"},"wordCount":189,"articleSection":["News"],"inLanguage":"fr-FR"},{"@type":"WebPage","@id":"https:\/\/sidb-gicid.ch\/fr\/lasi-exige-la-mise-en-oeuvre-immediate-des-revendications-de-linitiative-sur-les-soins-infirmiers\/","url":"https:\/\/sidb-gicid.ch\/fr\/lasi-exige-la-mise-en-oeuvre-immediate-des-revendications-de-linitiative-sur-les-soins-infirmiers\/","name":"L'initiative sur les soins infirmiers: ASI exige la mise en \u0153uvre imm\u00e9diate des revendications | SIDB","isPartOf":{"@id":"https:\/\/sidb-gicid.ch\/fr\/#website"},"datePublished":"2020-05-11T16:08:52+00:00","dateModified":"2020-05-12T13:11:33+00:00","author":{"@id":"https:\/\/sidb-gicid.ch\/fr\/#\/schema\/person\/b0cf1662a08ffd7c4d1d2c145099163d"},"description":"L'initiative sur les soins infirmiers: ASI exige la mise en \u0153uvre imm\u00e9diate des revendications. Le GICID soutient l'initiative sur les soins infirmiers","breadcrumb":{"@id":"https:\/\/sidb-gicid.ch\/fr\/lasi-exige-la-mise-en-oeuvre-immediate-des-revendications-de-linitiative-sur-les-soins-infirmiers\/#breadcrumb"},"inLanguage":"fr-FR","potentialAction":[{"@type":"ReadAction","target":["https:\/\/sidb-gicid.ch\/fr\/lasi-exige-la-mise-en-oeuvre-immediate-des-revendications-de-linitiative-sur-les-soins-infirmiers\/"]}]},{"@type":"BreadcrumbList","@id":"https:\/\/sidb-gicid.ch\/fr\/lasi-exige-la-mise-en-oeuvre-immediate-des-revendications-de-linitiative-sur-les-soins-infirmiers\/#breadcrumb","itemListElement":[{"@type":"ListItem","position":1,"name":"Home","item":"https:\/\/sidb-gicid.ch\/fr\/home\/"},{"@type":"ListItem","position":2,"name":"L&rsquo;initiative sur les soins infirmiers: ASI exige la mise en \u0153uvre imm\u00e9diate des revendications"}]},{"@type":"WebSite","@id":"https:\/\/sidb-gicid.ch\/fr\/#website","url":"https:\/\/sidb-gicid.ch\/fr\/","name":"SIDB GICID","description":"","potentialAction":[{"@type":"SearchAction","target":{"@type":"EntryPoint","urlTemplate":"https:\/\/sidb-gicid.ch\/fr\/?s={search_term_string}"},"query-input":{"@type":"PropertyValueSpecification","valueRequired":true,"valueName":"search_term_string"}}],"inLanguage":"fr-FR"},{"@type":"Person","@id":"https:\/\/sidb-gicid.ch\/fr\/#\/schema\/person\/b0cf1662a08ffd7c4d1d2c145099163d","name":"sidb_admin","image":{"@type":"ImageObject","inLanguage":"fr-FR","@id":"https:\/\/secure.gravatar.com\/avatar\/76969b5badf1d89862f26e8d224798f2f4d33ffe62a9db56d3664f912739316a?s=96&d=mm&r=g","url":"https:\/\/secure.gravatar.com\/avatar\/76969b5badf1d89862f26e8d224798f2f4d33ffe62a9db56d3664f912739316a?s=96&d=mm&r=g","contentUrl":"https:\/\/secure.gravatar.com\/avatar\/76969b5badf1d89862f26e8d224798f2f4d33ffe62a9db56d3664f912739316a?s=96&d=mm&r=g","caption":"sidb_admin"}}]}},"_links":{"self":[{"href":"https:\/\/sidb-gicid.ch\/fr\/wp-json\/wp\/v2\/posts\/2577","targetHints":{"allow":["GET"]}}],"collection":[{"href":"https:\/\/sidb-gicid.ch\/fr\/wp-json\/wp\/v2\/posts"}],"about":[{"href":"https:\/\/sidb-gicid.ch\/fr\/wp-json\/wp\/v2\/types\/post"}],"author":[{"embeddable":true,"href":"https:\/\/sidb-gicid.ch\/fr\/wp-json\/wp\/v2\/users\/3"}],"replies":[{"embeddable":true,"href":"https:\/\/sidb-gicid.ch\/fr\/wp-json\/wp\/v2\/comments?post=2577"}],"version-history":[{"count":5,"href":"https:\/\/sidb-gicid.ch\/fr\/wp-json\/wp\/v2\/posts\/2577\/revisions"}],"predecessor-version":[{"id":2662,"href":"https:\/\/sidb-gicid.ch\/fr\/wp-json\/wp\/v2\/posts\/2577\/revisions\/2662"}],"wp:attachment":[{"href":"https:\/\/sidb-gicid.ch\/fr\/wp-json\/wp\/v2\/media?parent=2577"}],"wp:term":[{"taxonomy":"category","embeddable":true,"href":"https:\/\/sidb-gicid.ch\/fr\/wp-json\/wp\/v2\/categories?post=2577"},{"taxonomy":"post_tag","embeddable":true,"href":"https:\/\/sidb-gicid.ch\/fr\/wp-json\/wp\/v2\/tags?post=2577"}],"curies":[{"name":"wp","href":"https:\/\/api.w.org\/{rel}","templated":true}]}}