{"id":3524,"date":"2020-11-30T21:44:02","date_gmt":"2020-11-30T20:44:02","guid":{"rendered":"https:\/\/sidb-gicid.ch\/?p=3524"},"modified":"2020-12-03T10:38:02","modified_gmt":"2020-12-03T09:38:02","slug":"deuil-pour-la-mort-de-soeur-liliane-juchli","status":"publish","type":"post","link":"https:\/\/sidb-gicid.ch\/fr\/deuil-pour-la-mort-de-soeur-liliane-juchli\/","title":{"rendered":"Deuil pour la mort de S\u0153ur Liliane Juchli"},"content":{"rendered":"<p>S\u0153ur Liliane Juchli, grande pionni\u00e8re de la professionnalisation des soins infirmiers, s&rsquo;est endormie paisiblement le 30 novembre \u00e0 l&rsquo;\u00e2ge de 87 ans \u00e0 la Maison des soins de Berne.<br \/>\nAvec elle, le monde infirmier suisse perd une combattante infatigable pour des soins professionnels et humains, qui a fa\u00e7onn\u00e9 et inspir\u00e9 des g\u00e9n\u00e9rations d&rsquo;infirmi\u00e8res et infirmiers dans le monde germanophone.\u00a0 Elle \u00e9tait \u00e9troitement li\u00e9e \u00e0 l\u2019Association suisse des infirmi\u00e8res et infirmiers tout au long de sa vie et, malgr\u00e9 son \u00e2ge, elle a continu\u00e9 \u00e0 d\u00e9fendre sans rel\u00e2che les soins et les soignants, notamment en tant que membre du comit\u00e9 de l&rsquo;initiative sur les soins infirmiers.<\/p>\n<p>Soeur Liliane, d\u00e9j\u00e0 affaiblie par une infection persistante, a \u00e9t\u00e9 atteinte par le Covid-19. Elle n&rsquo;a pas r\u00e9ussi \u00e0 gagner la bataille contre ce virus. Nous sommes profond\u00e9ment attrist\u00e9s par cette immense perte.<\/p>\n","protected":false},"excerpt":{"rendered":"<p>S\u0153ur Liliane Juchli, grande pionni\u00e8re de la professionnalisation des soins infirmiers, s&rsquo;est endormie paisiblement le 30 novembre \u00e0 l&rsquo;\u00e2ge de 87 ans \u00e0 la Maison des soins de Berne. Avec elle, le monde infirmier suisse perd une combattante infatigable pour des soins professionnels et humains, qui a fa\u00e7onn\u00e9 et inspir\u00e9 des g\u00e9n\u00e9rations d&rsquo;infirmi\u00e8res et infirmiers [&hellip;]<\/p>\n","protected":false},"author":3,"featured_media":3519,"comment_status":"closed","ping_status":"closed","sticky":false,"template":"","format":"standard","meta":{"footnotes":""},"categories":[29],"tags":[],"class_list":["post-3524","post","type-post","status-publish","format-standard","has-post-thumbnail","hentry","category-news-fr"],"yoast_head":"<!-- This site is optimized with the Yoast SEO plugin v27.4 - https:\/\/yoast.com\/product\/yoast-seo-wordpress\/ -->\n<title>Deuil pour la mort de S\u0153ur Liliane Juchli | SIDB<\/title>\n<meta name=\"description\" content=\"Deuil pour la mort de S\u0153ur Liliane Juchli. Groupe d&#039;int\u00e9r\u00eats suisse des infirmi\u00e8res-conseil en diab\u00e9tologie.\" \/>\n<meta name=\"robots\" content=\"index, follow, max-snippet:-1, max-image-preview:large, max-video-preview:-1\" \/>\n<link rel=\"canonical\" href=\"https:\/\/sidb-gicid.ch\/fr\/deuil-pour-la-mort-de-soeur-liliane-juchli\/\" \/>\n<meta property=\"og:locale\" content=\"fr_FR\" \/>\n<meta property=\"og:type\" content=\"article\" \/>\n<meta property=\"og:title\" content=\"Deuil pour la mort de S\u0153ur Liliane Juchli | SIDB\" \/>\n<meta property=\"og:description\" content=\"Deuil pour la mort de S\u0153ur Liliane Juchli. Groupe d&#039;int\u00e9r\u00eats suisse des infirmi\u00e8res-conseil en diab\u00e9tologie.\" \/>\n<meta property=\"og:url\" content=\"https:\/\/sidb-gicid.ch\/fr\/deuil-pour-la-mort-de-soeur-liliane-juchli\/\" \/>\n<meta property=\"og:site_name\" content=\"SIDB GICID\" \/>\n<meta property=\"article:published_time\" content=\"2020-11-30T20:44:02+00:00\" \/>\n<meta property=\"article:modified_time\" content=\"2020-12-03T09:38:02+00:00\" \/>\n<meta property=\"og:image\" content=\"https:\/\/sidb-gicid.ch\/wp-content\/uploads\/2020\/11\/Liliane-Juchli.jpg\" \/>\n\t<meta property=\"og:image:width\" content=\"1000\" \/>\n\t<meta property=\"og:image:height\" content=\"667\" \/>\n\t<meta property=\"og:image:type\" content=\"image\/jpeg\" \/>\n<meta name=\"author\" content=\"sidb_admin\" \/>\n<meta name=\"twitter:card\" content=\"summary_large_image\" \/>\n<meta name=\"twitter:label1\" content=\"\u00c9crit par\" \/>\n\t<meta name=\"twitter:data1\" content=\"sidb_admin\" \/>\n\t<meta name=\"twitter:label2\" content=\"Dur\u00e9e de lecture estim\u00e9e\" \/>\n\t<meta name=\"twitter:data2\" content=\"1 minute\" \/>\n<script type=\"application\/ld+json\" class=\"yoast-schema-graph\">{\"@context\":\"https:\\\/\\\/schema.org\",\"@graph\":[{\"@type\":\"Article\",\"@id\":\"https:\\\/\\\/sidb-gicid.ch\\\/fr\\\/deuil-pour-la-mort-de-soeur-liliane-juchli\\\/#article\",\"isPartOf\":{\"@id\":\"https:\\\/\\\/sidb-gicid.ch\\\/fr\\\/deuil-pour-la-mort-de-soeur-liliane-juchli\\\/\"},\"author\":{\"name\":\"sidb_admin\",\"@id\":\"https:\\\/\\\/sidb-gicid.ch\\\/fr\\\/#\\\/schema\\\/person\\\/b0cf1662a08ffd7c4d1d2c145099163d\"},\"headline\":\"Deuil pour la mort de S\u0153ur Liliane Juchli\",\"datePublished\":\"2020-11-30T20:44:02+00:00\",\"dateModified\":\"2020-12-03T09:38:02+00:00\",\"mainEntityOfPage\":{\"@id\":\"https:\\\/\\\/sidb-gicid.ch\\\/fr\\\/deuil-pour-la-mort-de-soeur-liliane-juchli\\\/\"},\"wordCount\":160,\"image\":{\"@id\":\"https:\\\/\\\/sidb-gicid.ch\\\/fr\\\/deuil-pour-la-mort-de-soeur-liliane-juchli\\\/#primaryimage\"},\"thumbnailUrl\":\"https:\\\/\\\/sidb-gicid.ch\\\/wp-content\\\/uploads\\\/2020\\\/11\\\/Liliane-Juchli.jpg\",\"articleSection\":[\"News\"],\"inLanguage\":\"fr-FR\"},{\"@type\":\"WebPage\",\"@id\":\"https:\\\/\\\/sidb-gicid.ch\\\/fr\\\/deuil-pour-la-mort-de-soeur-liliane-juchli\\\/\",\"url\":\"https:\\\/\\\/sidb-gicid.ch\\\/fr\\\/deuil-pour-la-mort-de-soeur-liliane-juchli\\\/\",\"name\":\"Deuil pour la mort de S\u0153ur Liliane Juchli | SIDB\",\"isPartOf\":{\"@id\":\"https:\\\/\\\/sidb-gicid.ch\\\/fr\\\/#website\"},\"primaryImageOfPage\":{\"@id\":\"https:\\\/\\\/sidb-gicid.ch\\\/fr\\\/deuil-pour-la-mort-de-soeur-liliane-juchli\\\/#primaryimage\"},\"image\":{\"@id\":\"https:\\\/\\\/sidb-gicid.ch\\\/fr\\\/deuil-pour-la-mort-de-soeur-liliane-juchli\\\/#primaryimage\"},\"thumbnailUrl\":\"https:\\\/\\\/sidb-gicid.ch\\\/wp-content\\\/uploads\\\/2020\\\/11\\\/Liliane-Juchli.jpg\",\"datePublished\":\"2020-11-30T20:44:02+00:00\",\"dateModified\":\"2020-12-03T09:38:02+00:00\",\"author\":{\"@id\":\"https:\\\/\\\/sidb-gicid.ch\\\/fr\\\/#\\\/schema\\\/person\\\/b0cf1662a08ffd7c4d1d2c145099163d\"},\"description\":\"Deuil pour la mort de S\u0153ur Liliane Juchli. Groupe d'int\u00e9r\u00eats suisse des infirmi\u00e8res-conseil en diab\u00e9tologie.\",\"breadcrumb\":{\"@id\":\"https:\\\/\\\/sidb-gicid.ch\\\/fr\\\/deuil-pour-la-mort-de-soeur-liliane-juchli\\\/#breadcrumb\"},\"inLanguage\":\"fr-FR\",\"potentialAction\":[{\"@type\":\"ReadAction\",\"target\":[\"https:\\\/\\\/sidb-gicid.ch\\\/fr\\\/deuil-pour-la-mort-de-soeur-liliane-juchli\\\/\"]}]},{\"@type\":\"ImageObject\",\"inLanguage\":\"fr-FR\",\"@id\":\"https:\\\/\\\/sidb-gicid.ch\\\/fr\\\/deuil-pour-la-mort-de-soeur-liliane-juchli\\\/#primaryimage\",\"url\":\"https:\\\/\\\/sidb-gicid.ch\\\/wp-content\\\/uploads\\\/2020\\\/11\\\/Liliane-Juchli.jpg\",\"contentUrl\":\"https:\\\/\\\/sidb-gicid.ch\\\/wp-content\\\/uploads\\\/2020\\\/11\\\/Liliane-Juchli.jpg\",\"width\":1000,\"height\":667,\"caption\":\"Im Bild Sr. Liliane Juchli Ordensfrau\"},{\"@type\":\"BreadcrumbList\",\"@id\":\"https:\\\/\\\/sidb-gicid.ch\\\/fr\\\/deuil-pour-la-mort-de-soeur-liliane-juchli\\\/#breadcrumb\",\"itemListElement\":[{\"@type\":\"ListItem\",\"position\":1,\"name\":\"Home\",\"item\":\"https:\\\/\\\/sidb-gicid.ch\\\/fr\\\/home\\\/\"},{\"@type\":\"ListItem\",\"position\":2,\"name\":\"Deuil pour la mort de S\u0153ur Liliane Juchli\"}]},{\"@type\":\"WebSite\",\"@id\":\"https:\\\/\\\/sidb-gicid.ch\\\/fr\\\/#website\",\"url\":\"https:\\\/\\\/sidb-gicid.ch\\\/fr\\\/\",\"name\":\"SIDB GICID\",\"description\":\"\",\"potentialAction\":[{\"@type\":\"SearchAction\",\"target\":{\"@type\":\"EntryPoint\",\"urlTemplate\":\"https:\\\/\\\/sidb-gicid.ch\\\/fr\\\/?s={search_term_string}\"},\"query-input\":{\"@type\":\"PropertyValueSpecification\",\"valueRequired\":true,\"valueName\":\"search_term_string\"}}],\"inLanguage\":\"fr-FR\"},{\"@type\":\"Person\",\"@id\":\"https:\\\/\\\/sidb-gicid.ch\\\/fr\\\/#\\\/schema\\\/person\\\/b0cf1662a08ffd7c4d1d2c145099163d\",\"name\":\"sidb_admin\",\"image\":{\"@type\":\"ImageObject\",\"inLanguage\":\"fr-FR\",\"@id\":\"https:\\\/\\\/secure.gravatar.com\\\/avatar\\\/76969b5badf1d89862f26e8d224798f2f4d33ffe62a9db56d3664f912739316a?s=96&d=mm&r=g\",\"url\":\"https:\\\/\\\/secure.gravatar.com\\\/avatar\\\/76969b5badf1d89862f26e8d224798f2f4d33ffe62a9db56d3664f912739316a?s=96&d=mm&r=g\",\"contentUrl\":\"https:\\\/\\\/secure.gravatar.com\\\/avatar\\\/76969b5badf1d89862f26e8d224798f2f4d33ffe62a9db56d3664f912739316a?s=96&d=mm&r=g\",\"caption\":\"sidb_admin\"}}]}<\/script>\n<!-- \/ Yoast SEO plugin. -->","yoast_head_json":{"title":"Deuil pour la mort de S\u0153ur Liliane Juchli | SIDB","description":"Deuil pour la mort de S\u0153ur Liliane Juchli. Groupe d'int\u00e9r\u00eats suisse des infirmi\u00e8res-conseil en diab\u00e9tologie.","robots":{"index":"index","follow":"follow","max-snippet":"max-snippet:-1","max-image-preview":"max-image-preview:large","max-video-preview":"max-video-preview:-1"},"canonical":"https:\/\/sidb-gicid.ch\/fr\/deuil-pour-la-mort-de-soeur-liliane-juchli\/","og_locale":"fr_FR","og_type":"article","og_title":"Deuil pour la mort de S\u0153ur Liliane Juchli | SIDB","og_description":"Deuil pour la mort de S\u0153ur Liliane Juchli. Groupe d'int\u00e9r\u00eats suisse des infirmi\u00e8res-conseil en diab\u00e9tologie.","og_url":"https:\/\/sidb-gicid.ch\/fr\/deuil-pour-la-mort-de-soeur-liliane-juchli\/","og_site_name":"SIDB GICID","article_published_time":"2020-11-30T20:44:02+00:00","article_modified_time":"2020-12-03T09:38:02+00:00","og_image":[{"width":1000,"height":667,"url":"https:\/\/sidb-gicid.ch\/wp-content\/uploads\/2020\/11\/Liliane-Juchli.jpg","type":"image\/jpeg"}],"author":"sidb_admin","twitter_card":"summary_large_image","twitter_misc":{"\u00c9crit par":"sidb_admin","Dur\u00e9e de lecture estim\u00e9e":"1 minute"},"schema":{"@context":"https:\/\/schema.org","@graph":[{"@type":"Article","@id":"https:\/\/sidb-gicid.ch\/fr\/deuil-pour-la-mort-de-soeur-liliane-juchli\/#article","isPartOf":{"@id":"https:\/\/sidb-gicid.ch\/fr\/deuil-pour-la-mort-de-soeur-liliane-juchli\/"},"author":{"name":"sidb_admin","@id":"https:\/\/sidb-gicid.ch\/fr\/#\/schema\/person\/b0cf1662a08ffd7c4d1d2c145099163d"},"headline":"Deuil pour la mort de S\u0153ur Liliane Juchli","datePublished":"2020-11-30T20:44:02+00:00","dateModified":"2020-12-03T09:38:02+00:00","mainEntityOfPage":{"@id":"https:\/\/sidb-gicid.ch\/fr\/deuil-pour-la-mort-de-soeur-liliane-juchli\/"},"wordCount":160,"image":{"@id":"https:\/\/sidb-gicid.ch\/fr\/deuil-pour-la-mort-de-soeur-liliane-juchli\/#primaryimage"},"thumbnailUrl":"https:\/\/sidb-gicid.ch\/wp-content\/uploads\/2020\/11\/Liliane-Juchli.jpg","articleSection":["News"],"inLanguage":"fr-FR"},{"@type":"WebPage","@id":"https:\/\/sidb-gicid.ch\/fr\/deuil-pour-la-mort-de-soeur-liliane-juchli\/","url":"https:\/\/sidb-gicid.ch\/fr\/deuil-pour-la-mort-de-soeur-liliane-juchli\/","name":"Deuil pour la mort de S\u0153ur Liliane Juchli | SIDB","isPartOf":{"@id":"https:\/\/sidb-gicid.ch\/fr\/#website"},"primaryImageOfPage":{"@id":"https:\/\/sidb-gicid.ch\/fr\/deuil-pour-la-mort-de-soeur-liliane-juchli\/#primaryimage"},"image":{"@id":"https:\/\/sidb-gicid.ch\/fr\/deuil-pour-la-mort-de-soeur-liliane-juchli\/#primaryimage"},"thumbnailUrl":"https:\/\/sidb-gicid.ch\/wp-content\/uploads\/2020\/11\/Liliane-Juchli.jpg","datePublished":"2020-11-30T20:44:02+00:00","dateModified":"2020-12-03T09:38:02+00:00","author":{"@id":"https:\/\/sidb-gicid.ch\/fr\/#\/schema\/person\/b0cf1662a08ffd7c4d1d2c145099163d"},"description":"Deuil pour la mort de S\u0153ur Liliane Juchli. Groupe d'int\u00e9r\u00eats suisse des infirmi\u00e8res-conseil en diab\u00e9tologie.","breadcrumb":{"@id":"https:\/\/sidb-gicid.ch\/fr\/deuil-pour-la-mort-de-soeur-liliane-juchli\/#breadcrumb"},"inLanguage":"fr-FR","potentialAction":[{"@type":"ReadAction","target":["https:\/\/sidb-gicid.ch\/fr\/deuil-pour-la-mort-de-soeur-liliane-juchli\/"]}]},{"@type":"ImageObject","inLanguage":"fr-FR","@id":"https:\/\/sidb-gicid.ch\/fr\/deuil-pour-la-mort-de-soeur-liliane-juchli\/#primaryimage","url":"https:\/\/sidb-gicid.ch\/wp-content\/uploads\/2020\/11\/Liliane-Juchli.jpg","contentUrl":"https:\/\/sidb-gicid.ch\/wp-content\/uploads\/2020\/11\/Liliane-Juchli.jpg","width":1000,"height":667,"caption":"Im Bild Sr. Liliane Juchli Ordensfrau"},{"@type":"BreadcrumbList","@id":"https:\/\/sidb-gicid.ch\/fr\/deuil-pour-la-mort-de-soeur-liliane-juchli\/#breadcrumb","itemListElement":[{"@type":"ListItem","position":1,"name":"Home","item":"https:\/\/sidb-gicid.ch\/fr\/home\/"},{"@type":"ListItem","position":2,"name":"Deuil pour la mort de S\u0153ur Liliane Juchli"}]},{"@type":"WebSite","@id":"https:\/\/sidb-gicid.ch\/fr\/#website","url":"https:\/\/sidb-gicid.ch\/fr\/","name":"SIDB GICID","description":"","potentialAction":[{"@type":"SearchAction","target":{"@type":"EntryPoint","urlTemplate":"https:\/\/sidb-gicid.ch\/fr\/?s={search_term_string}"},"query-input":{"@type":"PropertyValueSpecification","valueRequired":true,"valueName":"search_term_string"}}],"inLanguage":"fr-FR"},{"@type":"Person","@id":"https:\/\/sidb-gicid.ch\/fr\/#\/schema\/person\/b0cf1662a08ffd7c4d1d2c145099163d","name":"sidb_admin","image":{"@type":"ImageObject","inLanguage":"fr-FR","@id":"https:\/\/secure.gravatar.com\/avatar\/76969b5badf1d89862f26e8d224798f2f4d33ffe62a9db56d3664f912739316a?s=96&d=mm&r=g","url":"https:\/\/secure.gravatar.com\/avatar\/76969b5badf1d89862f26e8d224798f2f4d33ffe62a9db56d3664f912739316a?s=96&d=mm&r=g","contentUrl":"https:\/\/secure.gravatar.com\/avatar\/76969b5badf1d89862f26e8d224798f2f4d33ffe62a9db56d3664f912739316a?s=96&d=mm&r=g","caption":"sidb_admin"}}]}},"_links":{"self":[{"href":"https:\/\/sidb-gicid.ch\/fr\/wp-json\/wp\/v2\/posts\/3524","targetHints":{"allow":["GET"]}}],"collection":[{"href":"https:\/\/sidb-gicid.ch\/fr\/wp-json\/wp\/v2\/posts"}],"about":[{"href":"https:\/\/sidb-gicid.ch\/fr\/wp-json\/wp\/v2\/types\/post"}],"author":[{"embeddable":true,"href":"https:\/\/sidb-gicid.ch\/fr\/wp-json\/wp\/v2\/users\/3"}],"replies":[{"embeddable":true,"href":"https:\/\/sidb-gicid.ch\/fr\/wp-json\/wp\/v2\/comments?post=3524"}],"version-history":[{"count":4,"href":"https:\/\/sidb-gicid.ch\/fr\/wp-json\/wp\/v2\/posts\/3524\/revisions"}],"predecessor-version":[{"id":3537,"href":"https:\/\/sidb-gicid.ch\/fr\/wp-json\/wp\/v2\/posts\/3524\/revisions\/3537"}],"wp:featuredmedia":[{"embeddable":true,"href":"https:\/\/sidb-gicid.ch\/fr\/wp-json\/wp\/v2\/media\/3519"}],"wp:attachment":[{"href":"https:\/\/sidb-gicid.ch\/fr\/wp-json\/wp\/v2\/media?parent=3524"}],"wp:term":[{"taxonomy":"category","embeddable":true,"href":"https:\/\/sidb-gicid.ch\/fr\/wp-json\/wp\/v2\/categories?post=3524"},{"taxonomy":"post_tag","embeddable":true,"href":"https:\/\/sidb-gicid.ch\/fr\/wp-json\/wp\/v2\/tags?post=3524"}],"curies":[{"name":"wp","href":"https:\/\/api.w.org\/{rel}","templated":true}]}}