{"id":3656,"date":"2020-12-27T11:56:23","date_gmt":"2020-12-27T10:56:23","guid":{"rendered":"https:\/\/sidb-gicid.ch\/?p=3656"},"modified":"2020-12-28T10:22:12","modified_gmt":"2020-12-28T09:22:12","slug":"assemblee-generale-du-gicid-reporte","status":"publish","type":"post","link":"https:\/\/sidb-gicid.ch\/fr\/assemblee-generale-du-gicid-reporte\/","title":{"rendered":"Assembl\u00e9e g\u00e9n\u00e9rale du GICID report\u00e9"},"content":{"rendered":"<p>En raison de la situation actuelle de Corona, nous avons d\u00e9cid\u00e9 de reporter l&rsquo;Assembl\u00e9e g\u00e9n\u00e9rale du SIDB-GICID\u00a0 pr\u00e9vue pour le 13 mars au <strong>samedi 26 juin 2021.<\/strong><\/p>\n<p>Nous esp\u00e9rons que cela nous permettra de tenir la r\u00e9union et la formation continue int\u00e9gr\u00e9e en pr\u00e9sence de nos coll\u00e8gues comme pr\u00e9vu \u00e0 l&rsquo;h\u00f4tel Bern \u00e0 Berne et de ne pas devoir recourir \u00e0 une rencontre virtuelle.<\/p>\n<p>Les invitations seront envoy\u00e9es \u00e0 nos membres par e-mail dans la deuxi\u00e8me moiti\u00e9 du mois d&rsquo;avril. Le programme de la session de <strong>formation continue<\/strong>, qui est \u00e9galement<strong> ouvert aux non-membres<\/strong>, sera publi\u00e9 sur notre site web (Formation).<\/p>\n","protected":false},"excerpt":{"rendered":"<p>En raison de la situation actuelle de Corona, nous avons d\u00e9cid\u00e9 de reporter l&rsquo;Assembl\u00e9e g\u00e9n\u00e9rale du SIDB-GICID\u00a0 pr\u00e9vue pour le 13 mars au samedi 26 juin 2021. Nous esp\u00e9rons que cela nous permettra de tenir la r\u00e9union et la formation continue int\u00e9gr\u00e9e en pr\u00e9sence de nos coll\u00e8gues comme pr\u00e9vu \u00e0 l&rsquo;h\u00f4tel Bern \u00e0 Berne et [&hellip;]<\/p>\n","protected":false},"author":3,"featured_media":3653,"comment_status":"closed","ping_status":"closed","sticky":false,"template":"","format":"standard","meta":{"footnotes":""},"categories":[29],"tags":[],"class_list":["post-3656","post","type-post","status-publish","format-standard","has-post-thumbnail","hentry","category-news-fr"],"yoast_head":"<!-- This site is optimized with the Yoast SEO plugin v27.4 - https:\/\/yoast.com\/product\/yoast-seo-wordpress\/ -->\n<title>Assembl\u00e9e g\u00e9n\u00e9rale du GICID report\u00e9 | SIDB<\/title>\n<meta name=\"description\" content=\"Assembl\u00e9e g\u00e9n\u00e9rale du GICID report\u00e9. Schweizerische Interessengruppe f\u00fcr Diabetesfachberatung.\" \/>\n<meta name=\"robots\" content=\"index, follow, max-snippet:-1, max-image-preview:large, max-video-preview:-1\" \/>\n<link rel=\"canonical\" href=\"https:\/\/sidb-gicid.ch\/fr\/assemblee-generale-du-gicid-reporte\/\" \/>\n<meta property=\"og:locale\" content=\"fr_FR\" \/>\n<meta property=\"og:type\" content=\"article\" \/>\n<meta property=\"og:title\" content=\"Assembl\u00e9e g\u00e9n\u00e9rale du GICID report\u00e9 | SIDB\" \/>\n<meta property=\"og:description\" content=\"Assembl\u00e9e g\u00e9n\u00e9rale du GICID report\u00e9. Schweizerische Interessengruppe f\u00fcr Diabetesfachberatung.\" \/>\n<meta property=\"og:url\" content=\"https:\/\/sidb-gicid.ch\/fr\/assemblee-generale-du-gicid-reporte\/\" \/>\n<meta property=\"og:site_name\" content=\"SIDB GICID\" \/>\n<meta property=\"article:published_time\" content=\"2020-12-27T10:56:23+00:00\" \/>\n<meta property=\"article:modified_time\" content=\"2020-12-28T09:22:12+00:00\" \/>\n<meta property=\"og:image\" content=\"https:\/\/sidb-gicid.ch\/wp-content\/uploads\/2020\/12\/GV_Verschiebung.jpg\" \/>\n\t<meta property=\"og:image:width\" content=\"1000\" \/>\n\t<meta property=\"og:image:height\" content=\"601\" \/>\n\t<meta property=\"og:image:type\" content=\"image\/jpeg\" \/>\n<meta name=\"author\" content=\"sidb_admin\" \/>\n<meta name=\"twitter:card\" content=\"summary_large_image\" \/>\n<meta name=\"twitter:label1\" content=\"\u00c9crit par\" \/>\n\t<meta name=\"twitter:data1\" content=\"sidb_admin\" \/>\n\t<meta name=\"twitter:label2\" content=\"Dur\u00e9e de lecture estim\u00e9e\" \/>\n\t<meta name=\"twitter:data2\" content=\"1 minute\" \/>\n<script type=\"application\/ld+json\" class=\"yoast-schema-graph\">{\"@context\":\"https:\\\/\\\/schema.org\",\"@graph\":[{\"@type\":\"Article\",\"@id\":\"https:\\\/\\\/sidb-gicid.ch\\\/fr\\\/assemblee-generale-du-gicid-reporte\\\/#article\",\"isPartOf\":{\"@id\":\"https:\\\/\\\/sidb-gicid.ch\\\/fr\\\/assemblee-generale-du-gicid-reporte\\\/\"},\"author\":{\"name\":\"sidb_admin\",\"@id\":\"https:\\\/\\\/sidb-gicid.ch\\\/fr\\\/#\\\/schema\\\/person\\\/b0cf1662a08ffd7c4d1d2c145099163d\"},\"headline\":\"Assembl\u00e9e g\u00e9n\u00e9rale du GICID report\u00e9\",\"datePublished\":\"2020-12-27T10:56:23+00:00\",\"dateModified\":\"2020-12-28T09:22:12+00:00\",\"mainEntityOfPage\":{\"@id\":\"https:\\\/\\\/sidb-gicid.ch\\\/fr\\\/assemblee-generale-du-gicid-reporte\\\/\"},\"wordCount\":120,\"image\":{\"@id\":\"https:\\\/\\\/sidb-gicid.ch\\\/fr\\\/assemblee-generale-du-gicid-reporte\\\/#primaryimage\"},\"thumbnailUrl\":\"https:\\\/\\\/sidb-gicid.ch\\\/wp-content\\\/uploads\\\/2020\\\/12\\\/GV_Verschiebung.jpg\",\"articleSection\":[\"News\"],\"inLanguage\":\"fr-FR\"},{\"@type\":\"WebPage\",\"@id\":\"https:\\\/\\\/sidb-gicid.ch\\\/fr\\\/assemblee-generale-du-gicid-reporte\\\/\",\"url\":\"https:\\\/\\\/sidb-gicid.ch\\\/fr\\\/assemblee-generale-du-gicid-reporte\\\/\",\"name\":\"Assembl\u00e9e g\u00e9n\u00e9rale du GICID report\u00e9 | SIDB\",\"isPartOf\":{\"@id\":\"https:\\\/\\\/sidb-gicid.ch\\\/fr\\\/#website\"},\"primaryImageOfPage\":{\"@id\":\"https:\\\/\\\/sidb-gicid.ch\\\/fr\\\/assemblee-generale-du-gicid-reporte\\\/#primaryimage\"},\"image\":{\"@id\":\"https:\\\/\\\/sidb-gicid.ch\\\/fr\\\/assemblee-generale-du-gicid-reporte\\\/#primaryimage\"},\"thumbnailUrl\":\"https:\\\/\\\/sidb-gicid.ch\\\/wp-content\\\/uploads\\\/2020\\\/12\\\/GV_Verschiebung.jpg\",\"datePublished\":\"2020-12-27T10:56:23+00:00\",\"dateModified\":\"2020-12-28T09:22:12+00:00\",\"author\":{\"@id\":\"https:\\\/\\\/sidb-gicid.ch\\\/fr\\\/#\\\/schema\\\/person\\\/b0cf1662a08ffd7c4d1d2c145099163d\"},\"description\":\"Assembl\u00e9e g\u00e9n\u00e9rale du GICID report\u00e9. Schweizerische Interessengruppe f\u00fcr Diabetesfachberatung.\",\"breadcrumb\":{\"@id\":\"https:\\\/\\\/sidb-gicid.ch\\\/fr\\\/assemblee-generale-du-gicid-reporte\\\/#breadcrumb\"},\"inLanguage\":\"fr-FR\",\"potentialAction\":[{\"@type\":\"ReadAction\",\"target\":[\"https:\\\/\\\/sidb-gicid.ch\\\/fr\\\/assemblee-generale-du-gicid-reporte\\\/\"]}]},{\"@type\":\"ImageObject\",\"inLanguage\":\"fr-FR\",\"@id\":\"https:\\\/\\\/sidb-gicid.ch\\\/fr\\\/assemblee-generale-du-gicid-reporte\\\/#primaryimage\",\"url\":\"https:\\\/\\\/sidb-gicid.ch\\\/wp-content\\\/uploads\\\/2020\\\/12\\\/GV_Verschiebung.jpg\",\"contentUrl\":\"https:\\\/\\\/sidb-gicid.ch\\\/wp-content\\\/uploads\\\/2020\\\/12\\\/GV_Verschiebung.jpg\",\"width\":1000,\"height\":601},{\"@type\":\"BreadcrumbList\",\"@id\":\"https:\\\/\\\/sidb-gicid.ch\\\/fr\\\/assemblee-generale-du-gicid-reporte\\\/#breadcrumb\",\"itemListElement\":[{\"@type\":\"ListItem\",\"position\":1,\"name\":\"Home\",\"item\":\"https:\\\/\\\/sidb-gicid.ch\\\/fr\\\/home\\\/\"},{\"@type\":\"ListItem\",\"position\":2,\"name\":\"Assembl\u00e9e g\u00e9n\u00e9rale du GICID report\u00e9\"}]},{\"@type\":\"WebSite\",\"@id\":\"https:\\\/\\\/sidb-gicid.ch\\\/fr\\\/#website\",\"url\":\"https:\\\/\\\/sidb-gicid.ch\\\/fr\\\/\",\"name\":\"SIDB GICID\",\"description\":\"\",\"potentialAction\":[{\"@type\":\"SearchAction\",\"target\":{\"@type\":\"EntryPoint\",\"urlTemplate\":\"https:\\\/\\\/sidb-gicid.ch\\\/fr\\\/?s={search_term_string}\"},\"query-input\":{\"@type\":\"PropertyValueSpecification\",\"valueRequired\":true,\"valueName\":\"search_term_string\"}}],\"inLanguage\":\"fr-FR\"},{\"@type\":\"Person\",\"@id\":\"https:\\\/\\\/sidb-gicid.ch\\\/fr\\\/#\\\/schema\\\/person\\\/b0cf1662a08ffd7c4d1d2c145099163d\",\"name\":\"sidb_admin\",\"image\":{\"@type\":\"ImageObject\",\"inLanguage\":\"fr-FR\",\"@id\":\"https:\\\/\\\/secure.gravatar.com\\\/avatar\\\/76969b5badf1d89862f26e8d224798f2f4d33ffe62a9db56d3664f912739316a?s=96&d=mm&r=g\",\"url\":\"https:\\\/\\\/secure.gravatar.com\\\/avatar\\\/76969b5badf1d89862f26e8d224798f2f4d33ffe62a9db56d3664f912739316a?s=96&d=mm&r=g\",\"contentUrl\":\"https:\\\/\\\/secure.gravatar.com\\\/avatar\\\/76969b5badf1d89862f26e8d224798f2f4d33ffe62a9db56d3664f912739316a?s=96&d=mm&r=g\",\"caption\":\"sidb_admin\"}}]}<\/script>\n<!-- \/ Yoast SEO plugin. -->","yoast_head_json":{"title":"Assembl\u00e9e g\u00e9n\u00e9rale du GICID report\u00e9 | SIDB","description":"Assembl\u00e9e g\u00e9n\u00e9rale du GICID report\u00e9. Schweizerische Interessengruppe f\u00fcr Diabetesfachberatung.","robots":{"index":"index","follow":"follow","max-snippet":"max-snippet:-1","max-image-preview":"max-image-preview:large","max-video-preview":"max-video-preview:-1"},"canonical":"https:\/\/sidb-gicid.ch\/fr\/assemblee-generale-du-gicid-reporte\/","og_locale":"fr_FR","og_type":"article","og_title":"Assembl\u00e9e g\u00e9n\u00e9rale du GICID report\u00e9 | SIDB","og_description":"Assembl\u00e9e g\u00e9n\u00e9rale du GICID report\u00e9. Schweizerische Interessengruppe f\u00fcr Diabetesfachberatung.","og_url":"https:\/\/sidb-gicid.ch\/fr\/assemblee-generale-du-gicid-reporte\/","og_site_name":"SIDB GICID","article_published_time":"2020-12-27T10:56:23+00:00","article_modified_time":"2020-12-28T09:22:12+00:00","og_image":[{"width":1000,"height":601,"url":"https:\/\/sidb-gicid.ch\/wp-content\/uploads\/2020\/12\/GV_Verschiebung.jpg","type":"image\/jpeg"}],"author":"sidb_admin","twitter_card":"summary_large_image","twitter_misc":{"\u00c9crit par":"sidb_admin","Dur\u00e9e de lecture estim\u00e9e":"1 minute"},"schema":{"@context":"https:\/\/schema.org","@graph":[{"@type":"Article","@id":"https:\/\/sidb-gicid.ch\/fr\/assemblee-generale-du-gicid-reporte\/#article","isPartOf":{"@id":"https:\/\/sidb-gicid.ch\/fr\/assemblee-generale-du-gicid-reporte\/"},"author":{"name":"sidb_admin","@id":"https:\/\/sidb-gicid.ch\/fr\/#\/schema\/person\/b0cf1662a08ffd7c4d1d2c145099163d"},"headline":"Assembl\u00e9e g\u00e9n\u00e9rale du GICID report\u00e9","datePublished":"2020-12-27T10:56:23+00:00","dateModified":"2020-12-28T09:22:12+00:00","mainEntityOfPage":{"@id":"https:\/\/sidb-gicid.ch\/fr\/assemblee-generale-du-gicid-reporte\/"},"wordCount":120,"image":{"@id":"https:\/\/sidb-gicid.ch\/fr\/assemblee-generale-du-gicid-reporte\/#primaryimage"},"thumbnailUrl":"https:\/\/sidb-gicid.ch\/wp-content\/uploads\/2020\/12\/GV_Verschiebung.jpg","articleSection":["News"],"inLanguage":"fr-FR"},{"@type":"WebPage","@id":"https:\/\/sidb-gicid.ch\/fr\/assemblee-generale-du-gicid-reporte\/","url":"https:\/\/sidb-gicid.ch\/fr\/assemblee-generale-du-gicid-reporte\/","name":"Assembl\u00e9e g\u00e9n\u00e9rale du GICID report\u00e9 | SIDB","isPartOf":{"@id":"https:\/\/sidb-gicid.ch\/fr\/#website"},"primaryImageOfPage":{"@id":"https:\/\/sidb-gicid.ch\/fr\/assemblee-generale-du-gicid-reporte\/#primaryimage"},"image":{"@id":"https:\/\/sidb-gicid.ch\/fr\/assemblee-generale-du-gicid-reporte\/#primaryimage"},"thumbnailUrl":"https:\/\/sidb-gicid.ch\/wp-content\/uploads\/2020\/12\/GV_Verschiebung.jpg","datePublished":"2020-12-27T10:56:23+00:00","dateModified":"2020-12-28T09:22:12+00:00","author":{"@id":"https:\/\/sidb-gicid.ch\/fr\/#\/schema\/person\/b0cf1662a08ffd7c4d1d2c145099163d"},"description":"Assembl\u00e9e g\u00e9n\u00e9rale du GICID report\u00e9. Schweizerische Interessengruppe f\u00fcr Diabetesfachberatung.","breadcrumb":{"@id":"https:\/\/sidb-gicid.ch\/fr\/assemblee-generale-du-gicid-reporte\/#breadcrumb"},"inLanguage":"fr-FR","potentialAction":[{"@type":"ReadAction","target":["https:\/\/sidb-gicid.ch\/fr\/assemblee-generale-du-gicid-reporte\/"]}]},{"@type":"ImageObject","inLanguage":"fr-FR","@id":"https:\/\/sidb-gicid.ch\/fr\/assemblee-generale-du-gicid-reporte\/#primaryimage","url":"https:\/\/sidb-gicid.ch\/wp-content\/uploads\/2020\/12\/GV_Verschiebung.jpg","contentUrl":"https:\/\/sidb-gicid.ch\/wp-content\/uploads\/2020\/12\/GV_Verschiebung.jpg","width":1000,"height":601},{"@type":"BreadcrumbList","@id":"https:\/\/sidb-gicid.ch\/fr\/assemblee-generale-du-gicid-reporte\/#breadcrumb","itemListElement":[{"@type":"ListItem","position":1,"name":"Home","item":"https:\/\/sidb-gicid.ch\/fr\/home\/"},{"@type":"ListItem","position":2,"name":"Assembl\u00e9e g\u00e9n\u00e9rale du GICID report\u00e9"}]},{"@type":"WebSite","@id":"https:\/\/sidb-gicid.ch\/fr\/#website","url":"https:\/\/sidb-gicid.ch\/fr\/","name":"SIDB GICID","description":"","potentialAction":[{"@type":"SearchAction","target":{"@type":"EntryPoint","urlTemplate":"https:\/\/sidb-gicid.ch\/fr\/?s={search_term_string}"},"query-input":{"@type":"PropertyValueSpecification","valueRequired":true,"valueName":"search_term_string"}}],"inLanguage":"fr-FR"},{"@type":"Person","@id":"https:\/\/sidb-gicid.ch\/fr\/#\/schema\/person\/b0cf1662a08ffd7c4d1d2c145099163d","name":"sidb_admin","image":{"@type":"ImageObject","inLanguage":"fr-FR","@id":"https:\/\/secure.gravatar.com\/avatar\/76969b5badf1d89862f26e8d224798f2f4d33ffe62a9db56d3664f912739316a?s=96&d=mm&r=g","url":"https:\/\/secure.gravatar.com\/avatar\/76969b5badf1d89862f26e8d224798f2f4d33ffe62a9db56d3664f912739316a?s=96&d=mm&r=g","contentUrl":"https:\/\/secure.gravatar.com\/avatar\/76969b5badf1d89862f26e8d224798f2f4d33ffe62a9db56d3664f912739316a?s=96&d=mm&r=g","caption":"sidb_admin"}}]}},"_links":{"self":[{"href":"https:\/\/sidb-gicid.ch\/fr\/wp-json\/wp\/v2\/posts\/3656","targetHints":{"allow":["GET"]}}],"collection":[{"href":"https:\/\/sidb-gicid.ch\/fr\/wp-json\/wp\/v2\/posts"}],"about":[{"href":"https:\/\/sidb-gicid.ch\/fr\/wp-json\/wp\/v2\/types\/post"}],"author":[{"embeddable":true,"href":"https:\/\/sidb-gicid.ch\/fr\/wp-json\/wp\/v2\/users\/3"}],"replies":[{"embeddable":true,"href":"https:\/\/sidb-gicid.ch\/fr\/wp-json\/wp\/v2\/comments?post=3656"}],"version-history":[{"count":2,"href":"https:\/\/sidb-gicid.ch\/fr\/wp-json\/wp\/v2\/posts\/3656\/revisions"}],"predecessor-version":[{"id":3665,"href":"https:\/\/sidb-gicid.ch\/fr\/wp-json\/wp\/v2\/posts\/3656\/revisions\/3665"}],"wp:featuredmedia":[{"embeddable":true,"href":"https:\/\/sidb-gicid.ch\/fr\/wp-json\/wp\/v2\/media\/3653"}],"wp:attachment":[{"href":"https:\/\/sidb-gicid.ch\/fr\/wp-json\/wp\/v2\/media?parent=3656"}],"wp:term":[{"taxonomy":"category","embeddable":true,"href":"https:\/\/sidb-gicid.ch\/fr\/wp-json\/wp\/v2\/categories?post=3656"},{"taxonomy":"post_tag","embeddable":true,"href":"https:\/\/sidb-gicid.ch\/fr\/wp-json\/wp\/v2\/tags?post=3656"}],"curies":[{"name":"wp","href":"https:\/\/api.w.org\/{rel}","templated":true}]}}