{"id":3738,"date":"2021-03-22T16:01:20","date_gmt":"2021-03-22T15:01:20","guid":{"rendered":"https:\/\/sidb-gicid.ch\/?p=3738"},"modified":"2021-04-28T16:23:42","modified_gmt":"2021-04-28T14:23:42","slug":"approuve-par-le-parlement-le-contre-projet-indirect-a-linitiative-sur-les-soins-infirmiers","status":"publish","type":"post","link":"https:\/\/sidb-gicid.ch\/fr\/approuve-par-le-parlement-le-contre-projet-indirect-a-linitiative-sur-les-soins-infirmiers\/","title":{"rendered":"Approuv\u00e9 par le Parlement le contre-projet \u00e0 l&rsquo;initiative sur les soins infirmiers"},"content":{"rendered":"<p>Le 19 mars 2021 le Parlement a approuv\u00e9 \u00a0le contre-projet indirect \u00e0 l&rsquo;initiative sur les soins infirmiers. D&rsquo;une part, le contre-projet comprend une offensive dans la formation qui permettra d&rsquo;augmenter le nombre d&rsquo;infirmi\u00e8res et d&rsquo;infirmiers dipl\u00f4m\u00e9s HES et ES. Au total, il est pr\u00e9vu que la Conf\u00e9d\u00e9ration et les cantons mettent \u00e0 disposition environ un milliard de francs sur huit ans pour cette offensive de formation.<\/p>\n<p>En outre, le contre-projet indirect pr\u00e9voit que certaines prestations de soins soient prises en charge directement par les assurances-maladie sans n\u00e9cessiter d&rsquo;ordonnance m\u00e9dicale. Pour la premi\u00e8re fois, le domaine autonome des professionnels infirmiers serait ancr\u00e9 dans la LAMal, ce qui constitue un succ\u00e8s important.<\/p>\n<p>Cependant l&rsquo;ASI, qui a lanc\u00e9 l&rsquo;initiative en janvier 2017, regrette que le contre-projet ne s&#8217;empare pas du probl\u00e8me des nombreuses personnes qui quittent la profession.\u00a0Les investissements pr\u00e9vus n&rsquo;en valent la peine que si le personnel infirmier form\u00e9 reste dans la profession gr\u00e2ce \u00e0 de bonnes conditions de travail.<\/p>\n<p>Le comit\u00e9 d&rsquo;initiative d\u00e9cidera fin\u00a0 juin s&rsquo;il retire l&rsquo;initiative sur les soins infirmiers\u00a0 ou s&rsquo;il la soumettra au peuple. Avant cela, le Conseil des \u00c9tats doit encore se prononcer sur l&rsquo;initiative lors de la session d&rsquo;\u00e9t\u00e9 et le v\u00f4te final aura lieu le 18 juin 2021.<\/p>\n","protected":false},"excerpt":{"rendered":"<p>Le 19 mars 2021 le Parlement a approuv\u00e9 \u00a0le contre-projet indirect \u00e0 l&rsquo;initiative sur les soins infirmiers. D&rsquo;une part, le contre-projet comprend une offensive dans la formation qui permettra d&rsquo;augmenter le nombre d&rsquo;infirmi\u00e8res et d&rsquo;infirmiers dipl\u00f4m\u00e9s HES et ES. Au total, il est pr\u00e9vu que la Conf\u00e9d\u00e9ration et les cantons mettent \u00e0 disposition environ un [&hellip;]<\/p>\n","protected":false},"author":3,"featured_media":3733,"comment_status":"closed","ping_status":"closed","sticky":false,"template":"","format":"standard","meta":{"footnotes":""},"categories":[29],"tags":[],"class_list":["post-3738","post","type-post","status-publish","format-standard","has-post-thumbnail","hentry","category-news-fr"],"yoast_head":"<!-- This site is optimized with the Yoast SEO plugin v27.4 - https:\/\/yoast.com\/product\/yoast-seo-wordpress\/ -->\n<title>Approuv\u00e9 par le Parlement le contre-projet \u00e0 l&#039;initiative sur les soins infirmiers | SIDB<\/title>\n<meta name=\"description\" content=\"Approuv\u00e9 par le Parlement le contre-projet \u00e0 l&#039;initiative sur les soins infirmiers. Schweizerische Interessengruppe f\u00fcr Diabetesfachberatung.\" \/>\n<meta name=\"robots\" content=\"index, follow, max-snippet:-1, max-image-preview:large, max-video-preview:-1\" \/>\n<link rel=\"canonical\" href=\"https:\/\/sidb-gicid.ch\/fr\/approuve-par-le-parlement-le-contre-projet-indirect-a-linitiative-sur-les-soins-infirmiers\/\" \/>\n<meta property=\"og:locale\" content=\"fr_FR\" \/>\n<meta property=\"og:type\" content=\"article\" \/>\n<meta property=\"og:title\" content=\"Approuv\u00e9 par le Parlement le contre-projet \u00e0 l&#039;initiative sur les soins infirmiers | SIDB\" \/>\n<meta property=\"og:description\" content=\"Approuv\u00e9 par le Parlement le contre-projet \u00e0 l&#039;initiative sur les soins infirmiers. Schweizerische Interessengruppe f\u00fcr Diabetesfachberatung.\" \/>\n<meta property=\"og:url\" content=\"https:\/\/sidb-gicid.ch\/fr\/approuve-par-le-parlement-le-contre-projet-indirect-a-linitiative-sur-les-soins-infirmiers\/\" \/>\n<meta property=\"og:site_name\" content=\"SIDB GICID\" \/>\n<meta property=\"article:published_time\" content=\"2021-03-22T15:01:20+00:00\" \/>\n<meta property=\"article:modified_time\" content=\"2021-04-28T14:23:42+00:00\" \/>\n<meta property=\"og:image\" content=\"https:\/\/sidb-gicid.ch\/wp-content\/uploads\/2021\/03\/Pflegeinitiative2.jpeg\" \/>\n\t<meta property=\"og:image:width\" content=\"800\" \/>\n\t<meta property=\"og:image:height\" content=\"533\" \/>\n\t<meta property=\"og:image:type\" content=\"image\/jpeg\" \/>\n<meta name=\"author\" content=\"sidb_admin\" \/>\n<meta name=\"twitter:card\" content=\"summary_large_image\" \/>\n<meta name=\"twitter:label1\" content=\"\u00c9crit par\" \/>\n\t<meta name=\"twitter:data1\" content=\"sidb_admin\" \/>\n\t<meta name=\"twitter:label2\" content=\"Dur\u00e9e de lecture estim\u00e9e\" \/>\n\t<meta name=\"twitter:data2\" content=\"1 minute\" \/>\n<script type=\"application\/ld+json\" class=\"yoast-schema-graph\">{\"@context\":\"https:\\\/\\\/schema.org\",\"@graph\":[{\"@type\":\"Article\",\"@id\":\"https:\\\/\\\/sidb-gicid.ch\\\/fr\\\/approuve-par-le-parlement-le-contre-projet-indirect-a-linitiative-sur-les-soins-infirmiers\\\/#article\",\"isPartOf\":{\"@id\":\"https:\\\/\\\/sidb-gicid.ch\\\/fr\\\/approuve-par-le-parlement-le-contre-projet-indirect-a-linitiative-sur-les-soins-infirmiers\\\/\"},\"author\":{\"name\":\"sidb_admin\",\"@id\":\"https:\\\/\\\/sidb-gicid.ch\\\/fr\\\/#\\\/schema\\\/person\\\/b0cf1662a08ffd7c4d1d2c145099163d\"},\"headline\":\"Approuv\u00e9 par le Parlement le contre-projet \u00e0 l&rsquo;initiative sur les soins infirmiers\",\"datePublished\":\"2021-03-22T15:01:20+00:00\",\"dateModified\":\"2021-04-28T14:23:42+00:00\",\"mainEntityOfPage\":{\"@id\":\"https:\\\/\\\/sidb-gicid.ch\\\/fr\\\/approuve-par-le-parlement-le-contre-projet-indirect-a-linitiative-sur-les-soins-infirmiers\\\/\"},\"wordCount\":241,\"image\":{\"@id\":\"https:\\\/\\\/sidb-gicid.ch\\\/fr\\\/approuve-par-le-parlement-le-contre-projet-indirect-a-linitiative-sur-les-soins-infirmiers\\\/#primaryimage\"},\"thumbnailUrl\":\"https:\\\/\\\/sidb-gicid.ch\\\/wp-content\\\/uploads\\\/2021\\\/03\\\/Pflegeinitiative2.jpeg\",\"articleSection\":[\"News\"],\"inLanguage\":\"fr-FR\"},{\"@type\":\"WebPage\",\"@id\":\"https:\\\/\\\/sidb-gicid.ch\\\/fr\\\/approuve-par-le-parlement-le-contre-projet-indirect-a-linitiative-sur-les-soins-infirmiers\\\/\",\"url\":\"https:\\\/\\\/sidb-gicid.ch\\\/fr\\\/approuve-par-le-parlement-le-contre-projet-indirect-a-linitiative-sur-les-soins-infirmiers\\\/\",\"name\":\"Approuv\u00e9 par le Parlement le contre-projet \u00e0 l'initiative sur les soins infirmiers | SIDB\",\"isPartOf\":{\"@id\":\"https:\\\/\\\/sidb-gicid.ch\\\/fr\\\/#website\"},\"primaryImageOfPage\":{\"@id\":\"https:\\\/\\\/sidb-gicid.ch\\\/fr\\\/approuve-par-le-parlement-le-contre-projet-indirect-a-linitiative-sur-les-soins-infirmiers\\\/#primaryimage\"},\"image\":{\"@id\":\"https:\\\/\\\/sidb-gicid.ch\\\/fr\\\/approuve-par-le-parlement-le-contre-projet-indirect-a-linitiative-sur-les-soins-infirmiers\\\/#primaryimage\"},\"thumbnailUrl\":\"https:\\\/\\\/sidb-gicid.ch\\\/wp-content\\\/uploads\\\/2021\\\/03\\\/Pflegeinitiative2.jpeg\",\"datePublished\":\"2021-03-22T15:01:20+00:00\",\"dateModified\":\"2021-04-28T14:23:42+00:00\",\"author\":{\"@id\":\"https:\\\/\\\/sidb-gicid.ch\\\/fr\\\/#\\\/schema\\\/person\\\/b0cf1662a08ffd7c4d1d2c145099163d\"},\"description\":\"Approuv\u00e9 par le Parlement le contre-projet \u00e0 l'initiative sur les soins infirmiers. Schweizerische Interessengruppe f\u00fcr Diabetesfachberatung.\",\"breadcrumb\":{\"@id\":\"https:\\\/\\\/sidb-gicid.ch\\\/fr\\\/approuve-par-le-parlement-le-contre-projet-indirect-a-linitiative-sur-les-soins-infirmiers\\\/#breadcrumb\"},\"inLanguage\":\"fr-FR\",\"potentialAction\":[{\"@type\":\"ReadAction\",\"target\":[\"https:\\\/\\\/sidb-gicid.ch\\\/fr\\\/approuve-par-le-parlement-le-contre-projet-indirect-a-linitiative-sur-les-soins-infirmiers\\\/\"]}]},{\"@type\":\"ImageObject\",\"inLanguage\":\"fr-FR\",\"@id\":\"https:\\\/\\\/sidb-gicid.ch\\\/fr\\\/approuve-par-le-parlement-le-contre-projet-indirect-a-linitiative-sur-les-soins-infirmiers\\\/#primaryimage\",\"url\":\"https:\\\/\\\/sidb-gicid.ch\\\/wp-content\\\/uploads\\\/2021\\\/03\\\/Pflegeinitiative2.jpeg\",\"contentUrl\":\"https:\\\/\\\/sidb-gicid.ch\\\/wp-content\\\/uploads\\\/2021\\\/03\\\/Pflegeinitiative2.jpeg\",\"width\":800,\"height\":533},{\"@type\":\"BreadcrumbList\",\"@id\":\"https:\\\/\\\/sidb-gicid.ch\\\/fr\\\/approuve-par-le-parlement-le-contre-projet-indirect-a-linitiative-sur-les-soins-infirmiers\\\/#breadcrumb\",\"itemListElement\":[{\"@type\":\"ListItem\",\"position\":1,\"name\":\"Home\",\"item\":\"https:\\\/\\\/sidb-gicid.ch\\\/fr\\\/home\\\/\"},{\"@type\":\"ListItem\",\"position\":2,\"name\":\"Approuv\u00e9 par le Parlement le contre-projet \u00e0 l&rsquo;initiative sur les soins infirmiers\"}]},{\"@type\":\"WebSite\",\"@id\":\"https:\\\/\\\/sidb-gicid.ch\\\/fr\\\/#website\",\"url\":\"https:\\\/\\\/sidb-gicid.ch\\\/fr\\\/\",\"name\":\"SIDB GICID\",\"description\":\"\",\"potentialAction\":[{\"@type\":\"SearchAction\",\"target\":{\"@type\":\"EntryPoint\",\"urlTemplate\":\"https:\\\/\\\/sidb-gicid.ch\\\/fr\\\/?s={search_term_string}\"},\"query-input\":{\"@type\":\"PropertyValueSpecification\",\"valueRequired\":true,\"valueName\":\"search_term_string\"}}],\"inLanguage\":\"fr-FR\"},{\"@type\":\"Person\",\"@id\":\"https:\\\/\\\/sidb-gicid.ch\\\/fr\\\/#\\\/schema\\\/person\\\/b0cf1662a08ffd7c4d1d2c145099163d\",\"name\":\"sidb_admin\",\"image\":{\"@type\":\"ImageObject\",\"inLanguage\":\"fr-FR\",\"@id\":\"https:\\\/\\\/secure.gravatar.com\\\/avatar\\\/76969b5badf1d89862f26e8d224798f2f4d33ffe62a9db56d3664f912739316a?s=96&d=mm&r=g\",\"url\":\"https:\\\/\\\/secure.gravatar.com\\\/avatar\\\/76969b5badf1d89862f26e8d224798f2f4d33ffe62a9db56d3664f912739316a?s=96&d=mm&r=g\",\"contentUrl\":\"https:\\\/\\\/secure.gravatar.com\\\/avatar\\\/76969b5badf1d89862f26e8d224798f2f4d33ffe62a9db56d3664f912739316a?s=96&d=mm&r=g\",\"caption\":\"sidb_admin\"}}]}<\/script>\n<!-- \/ Yoast SEO plugin. -->","yoast_head_json":{"title":"Approuv\u00e9 par le Parlement le contre-projet \u00e0 l'initiative sur les soins infirmiers | SIDB","description":"Approuv\u00e9 par le Parlement le contre-projet \u00e0 l'initiative sur les soins infirmiers. Schweizerische Interessengruppe f\u00fcr Diabetesfachberatung.","robots":{"index":"index","follow":"follow","max-snippet":"max-snippet:-1","max-image-preview":"max-image-preview:large","max-video-preview":"max-video-preview:-1"},"canonical":"https:\/\/sidb-gicid.ch\/fr\/approuve-par-le-parlement-le-contre-projet-indirect-a-linitiative-sur-les-soins-infirmiers\/","og_locale":"fr_FR","og_type":"article","og_title":"Approuv\u00e9 par le Parlement le contre-projet \u00e0 l'initiative sur les soins infirmiers | SIDB","og_description":"Approuv\u00e9 par le Parlement le contre-projet \u00e0 l'initiative sur les soins infirmiers. Schweizerische Interessengruppe f\u00fcr Diabetesfachberatung.","og_url":"https:\/\/sidb-gicid.ch\/fr\/approuve-par-le-parlement-le-contre-projet-indirect-a-linitiative-sur-les-soins-infirmiers\/","og_site_name":"SIDB GICID","article_published_time":"2021-03-22T15:01:20+00:00","article_modified_time":"2021-04-28T14:23:42+00:00","og_image":[{"width":800,"height":533,"url":"https:\/\/sidb-gicid.ch\/wp-content\/uploads\/2021\/03\/Pflegeinitiative2.jpeg","type":"image\/jpeg"}],"author":"sidb_admin","twitter_card":"summary_large_image","twitter_misc":{"\u00c9crit par":"sidb_admin","Dur\u00e9e de lecture estim\u00e9e":"1 minute"},"schema":{"@context":"https:\/\/schema.org","@graph":[{"@type":"Article","@id":"https:\/\/sidb-gicid.ch\/fr\/approuve-par-le-parlement-le-contre-projet-indirect-a-linitiative-sur-les-soins-infirmiers\/#article","isPartOf":{"@id":"https:\/\/sidb-gicid.ch\/fr\/approuve-par-le-parlement-le-contre-projet-indirect-a-linitiative-sur-les-soins-infirmiers\/"},"author":{"name":"sidb_admin","@id":"https:\/\/sidb-gicid.ch\/fr\/#\/schema\/person\/b0cf1662a08ffd7c4d1d2c145099163d"},"headline":"Approuv\u00e9 par le Parlement le contre-projet \u00e0 l&rsquo;initiative sur les soins infirmiers","datePublished":"2021-03-22T15:01:20+00:00","dateModified":"2021-04-28T14:23:42+00:00","mainEntityOfPage":{"@id":"https:\/\/sidb-gicid.ch\/fr\/approuve-par-le-parlement-le-contre-projet-indirect-a-linitiative-sur-les-soins-infirmiers\/"},"wordCount":241,"image":{"@id":"https:\/\/sidb-gicid.ch\/fr\/approuve-par-le-parlement-le-contre-projet-indirect-a-linitiative-sur-les-soins-infirmiers\/#primaryimage"},"thumbnailUrl":"https:\/\/sidb-gicid.ch\/wp-content\/uploads\/2021\/03\/Pflegeinitiative2.jpeg","articleSection":["News"],"inLanguage":"fr-FR"},{"@type":"WebPage","@id":"https:\/\/sidb-gicid.ch\/fr\/approuve-par-le-parlement-le-contre-projet-indirect-a-linitiative-sur-les-soins-infirmiers\/","url":"https:\/\/sidb-gicid.ch\/fr\/approuve-par-le-parlement-le-contre-projet-indirect-a-linitiative-sur-les-soins-infirmiers\/","name":"Approuv\u00e9 par le Parlement le contre-projet \u00e0 l'initiative sur les soins infirmiers | SIDB","isPartOf":{"@id":"https:\/\/sidb-gicid.ch\/fr\/#website"},"primaryImageOfPage":{"@id":"https:\/\/sidb-gicid.ch\/fr\/approuve-par-le-parlement-le-contre-projet-indirect-a-linitiative-sur-les-soins-infirmiers\/#primaryimage"},"image":{"@id":"https:\/\/sidb-gicid.ch\/fr\/approuve-par-le-parlement-le-contre-projet-indirect-a-linitiative-sur-les-soins-infirmiers\/#primaryimage"},"thumbnailUrl":"https:\/\/sidb-gicid.ch\/wp-content\/uploads\/2021\/03\/Pflegeinitiative2.jpeg","datePublished":"2021-03-22T15:01:20+00:00","dateModified":"2021-04-28T14:23:42+00:00","author":{"@id":"https:\/\/sidb-gicid.ch\/fr\/#\/schema\/person\/b0cf1662a08ffd7c4d1d2c145099163d"},"description":"Approuv\u00e9 par le Parlement le contre-projet \u00e0 l'initiative sur les soins infirmiers. Schweizerische Interessengruppe f\u00fcr Diabetesfachberatung.","breadcrumb":{"@id":"https:\/\/sidb-gicid.ch\/fr\/approuve-par-le-parlement-le-contre-projet-indirect-a-linitiative-sur-les-soins-infirmiers\/#breadcrumb"},"inLanguage":"fr-FR","potentialAction":[{"@type":"ReadAction","target":["https:\/\/sidb-gicid.ch\/fr\/approuve-par-le-parlement-le-contre-projet-indirect-a-linitiative-sur-les-soins-infirmiers\/"]}]},{"@type":"ImageObject","inLanguage":"fr-FR","@id":"https:\/\/sidb-gicid.ch\/fr\/approuve-par-le-parlement-le-contre-projet-indirect-a-linitiative-sur-les-soins-infirmiers\/#primaryimage","url":"https:\/\/sidb-gicid.ch\/wp-content\/uploads\/2021\/03\/Pflegeinitiative2.jpeg","contentUrl":"https:\/\/sidb-gicid.ch\/wp-content\/uploads\/2021\/03\/Pflegeinitiative2.jpeg","width":800,"height":533},{"@type":"BreadcrumbList","@id":"https:\/\/sidb-gicid.ch\/fr\/approuve-par-le-parlement-le-contre-projet-indirect-a-linitiative-sur-les-soins-infirmiers\/#breadcrumb","itemListElement":[{"@type":"ListItem","position":1,"name":"Home","item":"https:\/\/sidb-gicid.ch\/fr\/home\/"},{"@type":"ListItem","position":2,"name":"Approuv\u00e9 par le Parlement le contre-projet \u00e0 l&rsquo;initiative sur les soins infirmiers"}]},{"@type":"WebSite","@id":"https:\/\/sidb-gicid.ch\/fr\/#website","url":"https:\/\/sidb-gicid.ch\/fr\/","name":"SIDB GICID","description":"","potentialAction":[{"@type":"SearchAction","target":{"@type":"EntryPoint","urlTemplate":"https:\/\/sidb-gicid.ch\/fr\/?s={search_term_string}"},"query-input":{"@type":"PropertyValueSpecification","valueRequired":true,"valueName":"search_term_string"}}],"inLanguage":"fr-FR"},{"@type":"Person","@id":"https:\/\/sidb-gicid.ch\/fr\/#\/schema\/person\/b0cf1662a08ffd7c4d1d2c145099163d","name":"sidb_admin","image":{"@type":"ImageObject","inLanguage":"fr-FR","@id":"https:\/\/secure.gravatar.com\/avatar\/76969b5badf1d89862f26e8d224798f2f4d33ffe62a9db56d3664f912739316a?s=96&d=mm&r=g","url":"https:\/\/secure.gravatar.com\/avatar\/76969b5badf1d89862f26e8d224798f2f4d33ffe62a9db56d3664f912739316a?s=96&d=mm&r=g","contentUrl":"https:\/\/secure.gravatar.com\/avatar\/76969b5badf1d89862f26e8d224798f2f4d33ffe62a9db56d3664f912739316a?s=96&d=mm&r=g","caption":"sidb_admin"}}]}},"_links":{"self":[{"href":"https:\/\/sidb-gicid.ch\/fr\/wp-json\/wp\/v2\/posts\/3738","targetHints":{"allow":["GET"]}}],"collection":[{"href":"https:\/\/sidb-gicid.ch\/fr\/wp-json\/wp\/v2\/posts"}],"about":[{"href":"https:\/\/sidb-gicid.ch\/fr\/wp-json\/wp\/v2\/types\/post"}],"author":[{"embeddable":true,"href":"https:\/\/sidb-gicid.ch\/fr\/wp-json\/wp\/v2\/users\/3"}],"replies":[{"embeddable":true,"href":"https:\/\/sidb-gicid.ch\/fr\/wp-json\/wp\/v2\/comments?post=3738"}],"version-history":[{"count":5,"href":"https:\/\/sidb-gicid.ch\/fr\/wp-json\/wp\/v2\/posts\/3738\/revisions"}],"predecessor-version":[{"id":3859,"href":"https:\/\/sidb-gicid.ch\/fr\/wp-json\/wp\/v2\/posts\/3738\/revisions\/3859"}],"wp:featuredmedia":[{"embeddable":true,"href":"https:\/\/sidb-gicid.ch\/fr\/wp-json\/wp\/v2\/media\/3733"}],"wp:attachment":[{"href":"https:\/\/sidb-gicid.ch\/fr\/wp-json\/wp\/v2\/media?parent=3738"}],"wp:term":[{"taxonomy":"category","embeddable":true,"href":"https:\/\/sidb-gicid.ch\/fr\/wp-json\/wp\/v2\/categories?post=3738"},{"taxonomy":"post_tag","embeddable":true,"href":"https:\/\/sidb-gicid.ch\/fr\/wp-json\/wp\/v2\/tags?post=3738"}],"curies":[{"name":"wp","href":"https:\/\/api.w.org\/{rel}","templated":true}]}}