{"id":1523,"date":"2020-01-10T08:55:31","date_gmt":"2020-01-10T07:55:31","guid":{"rendered":"https:\/\/sidb-gicid.ch\/il-mondo-celebra-le-infermiere-e-le-levatrici\/"},"modified":"2020-05-24T13:02:09","modified_gmt":"2020-05-24T11:02:09","slug":"il-mondo-celebra-le-infermiere-e-le-levatrici","status":"publish","type":"post","link":"https:\/\/sidb-gicid.ch\/it\/il-mondo-celebra-le-infermiere-e-le-levatrici\/","title":{"rendered":"Il mondo celebra infermiere e levatrici"},"content":{"rendered":"<p><img loading=\"lazy\" decoding=\"async\" class=\"size-medium wp-image-2655 alignleft\" src=\"https:\/\/sidb-gicid.ch\/wp-content\/uploads\/2020\/01\/Tabber_2020_SBK-300x110.png\" alt=\"\" width=\"300\" height=\"110\" srcset=\"https:\/\/sidb-gicid.ch\/wp-content\/uploads\/2020\/01\/Tabber_2020_SBK-300x110.png 300w, https:\/\/sidb-gicid.ch\/wp-content\/uploads\/2020\/01\/Tabber_2020_SBK-768x281.png 768w, https:\/\/sidb-gicid.ch\/wp-content\/uploads\/2020\/01\/Tabber_2020_SBK-705x258.png 705w, https:\/\/sidb-gicid.ch\/wp-content\/uploads\/2020\/01\/Tabber_2020_SBK.png 967w\" sizes=\"auto, (max-width: 300px) 100vw, 300px\" \/>L&#8217;Organizzazione Mondiale della Sanit\u00e0 (OMS) ha dichiarato il 2020 Anno internazionale delle infermiere e delle ostetriche. Invita i governi di tutto il mondo a promuovere ostetriche e infermiere e a sfruttare meglio il loro potenziale. Anche in Svizzera \u00e8 necessario intervenire. Una sfida importante \u00e8 il basso livello di continuit\u00e0 professionale in entrambe le professioni. Occorre quindi prestare grande attenzione a condizioni di lavoro non abbastanza attraenti, che provoca l&#8217;abbandono prematuro dell&#8217;attivit\u00e0 professionale. Questa \u00e8 anche uno delle rivendicazioni principali dell&#8217;iniziativa popolare sulle cure infermieristiche lanciata dall&#8217;ASI.<\/p>\n<p>&nbsp;<\/p>\n","protected":false},"excerpt":{"rendered":"<p>L&#8217;Organizzazione Mondiale della Sanit\u00e0 (OMS) ha dichiarato il 2020 Anno internazionale delle infermiere e delle ostetriche. Invita i governi di tutto il mondo a promuovere ostetriche e infermiere e a sfruttare meglio il loro potenziale. Anche in Svizzera \u00e8 necessario intervenire. Una sfida importante \u00e8 il basso livello di continuit\u00e0 professionale in entrambe le professioni. [&hellip;]<\/p>\n","protected":false},"author":3,"featured_media":0,"comment_status":"closed","ping_status":"open","sticky":false,"template":"","format":"standard","meta":{"footnotes":""},"categories":[15],"tags":[],"class_list":["post-1523","post","type-post","status-publish","format-standard","hentry","category-non-categorizzato"],"yoast_head":"<!-- This site is optimized with the Yoast SEO plugin v27.4 - https:\/\/yoast.com\/product\/yoast-seo-wordpress\/ -->\n<title>Il mondo celebra infermiere e levatrici | SIDB<\/title>\n<meta name=\"description\" content=\"Il mondo celebra infermiere e levatrici. Il gruppo d&#039;interesse per la consulenza sul diabete \u00e8 impegnato nella consulenza professionale sul diabete.\" \/>\n<meta name=\"robots\" content=\"index, follow, max-snippet:-1, max-image-preview:large, max-video-preview:-1\" \/>\n<link rel=\"canonical\" href=\"https:\/\/sidb-gicid.ch\/it\/il-mondo-celebra-le-infermiere-e-le-levatrici\/\" \/>\n<meta property=\"og:locale\" content=\"it_IT\" \/>\n<meta property=\"og:type\" content=\"article\" \/>\n<meta property=\"og:title\" content=\"Il mondo celebra infermiere e levatrici | SIDB\" \/>\n<meta property=\"og:description\" content=\"Il mondo celebra infermiere e levatrici. Il gruppo d&#039;interesse per la consulenza sul diabete \u00e8 impegnato nella consulenza professionale sul diabete.\" \/>\n<meta property=\"og:url\" content=\"https:\/\/sidb-gicid.ch\/it\/il-mondo-celebra-le-infermiere-e-le-levatrici\/\" \/>\n<meta property=\"og:site_name\" content=\"SIDB GICID\" \/>\n<meta property=\"article:published_time\" content=\"2020-01-10T07:55:31+00:00\" \/>\n<meta property=\"article:modified_time\" content=\"2020-05-24T11:02:09+00:00\" \/>\n<meta property=\"og:image\" content=\"https:\/\/sidb-gicid.ch\/wp-content\/uploads\/2020\/01\/Tabber_2020_SBK-300x110.png\" \/>\n<meta name=\"author\" content=\"sidb_admin\" \/>\n<meta name=\"twitter:card\" content=\"summary_large_image\" \/>\n<meta name=\"twitter:label1\" content=\"Scritto da\" \/>\n\t<meta name=\"twitter:data1\" content=\"sidb_admin\" \/>\n<script type=\"application\/ld+json\" class=\"yoast-schema-graph\">{\"@context\":\"https:\\\/\\\/schema.org\",\"@graph\":[{\"@type\":\"Article\",\"@id\":\"https:\\\/\\\/sidb-gicid.ch\\\/it\\\/il-mondo-celebra-le-infermiere-e-le-levatrici\\\/#article\",\"isPartOf\":{\"@id\":\"https:\\\/\\\/sidb-gicid.ch\\\/it\\\/il-mondo-celebra-le-infermiere-e-le-levatrici\\\/\"},\"author\":{\"name\":\"sidb_admin\",\"@id\":\"https:\\\/\\\/sidb-gicid.ch\\\/it\\\/#\\\/schema\\\/person\\\/b0cf1662a08ffd7c4d1d2c145099163d\"},\"headline\":\"Il mondo celebra infermiere e levatrici\",\"datePublished\":\"2020-01-10T07:55:31+00:00\",\"dateModified\":\"2020-05-24T11:02:09+00:00\",\"mainEntityOfPage\":{\"@id\":\"https:\\\/\\\/sidb-gicid.ch\\\/it\\\/il-mondo-celebra-le-infermiere-e-le-levatrici\\\/\"},\"wordCount\":95,\"image\":{\"@id\":\"https:\\\/\\\/sidb-gicid.ch\\\/it\\\/il-mondo-celebra-le-infermiere-e-le-levatrici\\\/#primaryimage\"},\"thumbnailUrl\":\"https:\\\/\\\/sidb-gicid.ch\\\/wp-content\\\/uploads\\\/2020\\\/01\\\/Tabber_2020_SBK-300x110.png\",\"articleSection\":[\"Non categorizzato\"],\"inLanguage\":\"it-IT\"},{\"@type\":\"WebPage\",\"@id\":\"https:\\\/\\\/sidb-gicid.ch\\\/it\\\/il-mondo-celebra-le-infermiere-e-le-levatrici\\\/\",\"url\":\"https:\\\/\\\/sidb-gicid.ch\\\/it\\\/il-mondo-celebra-le-infermiere-e-le-levatrici\\\/\",\"name\":\"Il mondo celebra infermiere e levatrici | SIDB\",\"isPartOf\":{\"@id\":\"https:\\\/\\\/sidb-gicid.ch\\\/it\\\/#website\"},\"primaryImageOfPage\":{\"@id\":\"https:\\\/\\\/sidb-gicid.ch\\\/it\\\/il-mondo-celebra-le-infermiere-e-le-levatrici\\\/#primaryimage\"},\"image\":{\"@id\":\"https:\\\/\\\/sidb-gicid.ch\\\/it\\\/il-mondo-celebra-le-infermiere-e-le-levatrici\\\/#primaryimage\"},\"thumbnailUrl\":\"https:\\\/\\\/sidb-gicid.ch\\\/wp-content\\\/uploads\\\/2020\\\/01\\\/Tabber_2020_SBK-300x110.png\",\"datePublished\":\"2020-01-10T07:55:31+00:00\",\"dateModified\":\"2020-05-24T11:02:09+00:00\",\"author\":{\"@id\":\"https:\\\/\\\/sidb-gicid.ch\\\/it\\\/#\\\/schema\\\/person\\\/b0cf1662a08ffd7c4d1d2c145099163d\"},\"description\":\"Il mondo celebra infermiere e levatrici. Il gruppo d'interesse per la consulenza sul diabete \u00e8 impegnato nella consulenza professionale sul diabete.\",\"breadcrumb\":{\"@id\":\"https:\\\/\\\/sidb-gicid.ch\\\/it\\\/il-mondo-celebra-le-infermiere-e-le-levatrici\\\/#breadcrumb\"},\"inLanguage\":\"it-IT\",\"potentialAction\":[{\"@type\":\"ReadAction\",\"target\":[\"https:\\\/\\\/sidb-gicid.ch\\\/it\\\/il-mondo-celebra-le-infermiere-e-le-levatrici\\\/\"]}]},{\"@type\":\"ImageObject\",\"inLanguage\":\"it-IT\",\"@id\":\"https:\\\/\\\/sidb-gicid.ch\\\/it\\\/il-mondo-celebra-le-infermiere-e-le-levatrici\\\/#primaryimage\",\"url\":\"https:\\\/\\\/sidb-gicid.ch\\\/wp-content\\\/uploads\\\/2020\\\/01\\\/Tabber_2020_SBK-300x110.png\",\"contentUrl\":\"https:\\\/\\\/sidb-gicid.ch\\\/wp-content\\\/uploads\\\/2020\\\/01\\\/Tabber_2020_SBK-300x110.png\"},{\"@type\":\"BreadcrumbList\",\"@id\":\"https:\\\/\\\/sidb-gicid.ch\\\/it\\\/il-mondo-celebra-le-infermiere-e-le-levatrici\\\/#breadcrumb\",\"itemListElement\":[{\"@type\":\"ListItem\",\"position\":1,\"name\":\"Home\",\"item\":\"https:\\\/\\\/sidb-gicid.ch\\\/it\\\/home\\\/\"},{\"@type\":\"ListItem\",\"position\":2,\"name\":\"Il mondo celebra infermiere e levatrici\"}]},{\"@type\":\"WebSite\",\"@id\":\"https:\\\/\\\/sidb-gicid.ch\\\/it\\\/#website\",\"url\":\"https:\\\/\\\/sidb-gicid.ch\\\/it\\\/\",\"name\":\"SIDB GICID\",\"description\":\"\",\"potentialAction\":[{\"@type\":\"SearchAction\",\"target\":{\"@type\":\"EntryPoint\",\"urlTemplate\":\"https:\\\/\\\/sidb-gicid.ch\\\/it\\\/?s={search_term_string}\"},\"query-input\":{\"@type\":\"PropertyValueSpecification\",\"valueRequired\":true,\"valueName\":\"search_term_string\"}}],\"inLanguage\":\"it-IT\"},{\"@type\":\"Person\",\"@id\":\"https:\\\/\\\/sidb-gicid.ch\\\/it\\\/#\\\/schema\\\/person\\\/b0cf1662a08ffd7c4d1d2c145099163d\",\"name\":\"sidb_admin\",\"image\":{\"@type\":\"ImageObject\",\"inLanguage\":\"it-IT\",\"@id\":\"https:\\\/\\\/secure.gravatar.com\\\/avatar\\\/76969b5badf1d89862f26e8d224798f2f4d33ffe62a9db56d3664f912739316a?s=96&d=mm&r=g\",\"url\":\"https:\\\/\\\/secure.gravatar.com\\\/avatar\\\/76969b5badf1d89862f26e8d224798f2f4d33ffe62a9db56d3664f912739316a?s=96&d=mm&r=g\",\"contentUrl\":\"https:\\\/\\\/secure.gravatar.com\\\/avatar\\\/76969b5badf1d89862f26e8d224798f2f4d33ffe62a9db56d3664f912739316a?s=96&d=mm&r=g\",\"caption\":\"sidb_admin\"}}]}<\/script>\n<!-- \/ Yoast SEO plugin. -->","yoast_head_json":{"title":"Il mondo celebra infermiere e levatrici | SIDB","description":"Il mondo celebra infermiere e levatrici. Il gruppo d'interesse per la consulenza sul diabete \u00e8 impegnato nella consulenza professionale sul diabete.","robots":{"index":"index","follow":"follow","max-snippet":"max-snippet:-1","max-image-preview":"max-image-preview:large","max-video-preview":"max-video-preview:-1"},"canonical":"https:\/\/sidb-gicid.ch\/it\/il-mondo-celebra-le-infermiere-e-le-levatrici\/","og_locale":"it_IT","og_type":"article","og_title":"Il mondo celebra infermiere e levatrici | SIDB","og_description":"Il mondo celebra infermiere e levatrici. Il gruppo d'interesse per la consulenza sul diabete \u00e8 impegnato nella consulenza professionale sul diabete.","og_url":"https:\/\/sidb-gicid.ch\/it\/il-mondo-celebra-le-infermiere-e-le-levatrici\/","og_site_name":"SIDB GICID","article_published_time":"2020-01-10T07:55:31+00:00","article_modified_time":"2020-05-24T11:02:09+00:00","og_image":[{"url":"https:\/\/sidb-gicid.ch\/wp-content\/uploads\/2020\/01\/Tabber_2020_SBK-300x110.png","type":"","width":"","height":""}],"author":"sidb_admin","twitter_card":"summary_large_image","twitter_misc":{"Scritto da":"sidb_admin"},"schema":{"@context":"https:\/\/schema.org","@graph":[{"@type":"Article","@id":"https:\/\/sidb-gicid.ch\/it\/il-mondo-celebra-le-infermiere-e-le-levatrici\/#article","isPartOf":{"@id":"https:\/\/sidb-gicid.ch\/it\/il-mondo-celebra-le-infermiere-e-le-levatrici\/"},"author":{"name":"sidb_admin","@id":"https:\/\/sidb-gicid.ch\/it\/#\/schema\/person\/b0cf1662a08ffd7c4d1d2c145099163d"},"headline":"Il mondo celebra infermiere e levatrici","datePublished":"2020-01-10T07:55:31+00:00","dateModified":"2020-05-24T11:02:09+00:00","mainEntityOfPage":{"@id":"https:\/\/sidb-gicid.ch\/it\/il-mondo-celebra-le-infermiere-e-le-levatrici\/"},"wordCount":95,"image":{"@id":"https:\/\/sidb-gicid.ch\/it\/il-mondo-celebra-le-infermiere-e-le-levatrici\/#primaryimage"},"thumbnailUrl":"https:\/\/sidb-gicid.ch\/wp-content\/uploads\/2020\/01\/Tabber_2020_SBK-300x110.png","articleSection":["Non categorizzato"],"inLanguage":"it-IT"},{"@type":"WebPage","@id":"https:\/\/sidb-gicid.ch\/it\/il-mondo-celebra-le-infermiere-e-le-levatrici\/","url":"https:\/\/sidb-gicid.ch\/it\/il-mondo-celebra-le-infermiere-e-le-levatrici\/","name":"Il mondo celebra infermiere e levatrici | SIDB","isPartOf":{"@id":"https:\/\/sidb-gicid.ch\/it\/#website"},"primaryImageOfPage":{"@id":"https:\/\/sidb-gicid.ch\/it\/il-mondo-celebra-le-infermiere-e-le-levatrici\/#primaryimage"},"image":{"@id":"https:\/\/sidb-gicid.ch\/it\/il-mondo-celebra-le-infermiere-e-le-levatrici\/#primaryimage"},"thumbnailUrl":"https:\/\/sidb-gicid.ch\/wp-content\/uploads\/2020\/01\/Tabber_2020_SBK-300x110.png","datePublished":"2020-01-10T07:55:31+00:00","dateModified":"2020-05-24T11:02:09+00:00","author":{"@id":"https:\/\/sidb-gicid.ch\/it\/#\/schema\/person\/b0cf1662a08ffd7c4d1d2c145099163d"},"description":"Il mondo celebra infermiere e levatrici. Il gruppo d'interesse per la consulenza sul diabete \u00e8 impegnato nella consulenza professionale sul diabete.","breadcrumb":{"@id":"https:\/\/sidb-gicid.ch\/it\/il-mondo-celebra-le-infermiere-e-le-levatrici\/#breadcrumb"},"inLanguage":"it-IT","potentialAction":[{"@type":"ReadAction","target":["https:\/\/sidb-gicid.ch\/it\/il-mondo-celebra-le-infermiere-e-le-levatrici\/"]}]},{"@type":"ImageObject","inLanguage":"it-IT","@id":"https:\/\/sidb-gicid.ch\/it\/il-mondo-celebra-le-infermiere-e-le-levatrici\/#primaryimage","url":"https:\/\/sidb-gicid.ch\/wp-content\/uploads\/2020\/01\/Tabber_2020_SBK-300x110.png","contentUrl":"https:\/\/sidb-gicid.ch\/wp-content\/uploads\/2020\/01\/Tabber_2020_SBK-300x110.png"},{"@type":"BreadcrumbList","@id":"https:\/\/sidb-gicid.ch\/it\/il-mondo-celebra-le-infermiere-e-le-levatrici\/#breadcrumb","itemListElement":[{"@type":"ListItem","position":1,"name":"Home","item":"https:\/\/sidb-gicid.ch\/it\/home\/"},{"@type":"ListItem","position":2,"name":"Il mondo celebra infermiere e levatrici"}]},{"@type":"WebSite","@id":"https:\/\/sidb-gicid.ch\/it\/#website","url":"https:\/\/sidb-gicid.ch\/it\/","name":"SIDB GICID","description":"","potentialAction":[{"@type":"SearchAction","target":{"@type":"EntryPoint","urlTemplate":"https:\/\/sidb-gicid.ch\/it\/?s={search_term_string}"},"query-input":{"@type":"PropertyValueSpecification","valueRequired":true,"valueName":"search_term_string"}}],"inLanguage":"it-IT"},{"@type":"Person","@id":"https:\/\/sidb-gicid.ch\/it\/#\/schema\/person\/b0cf1662a08ffd7c4d1d2c145099163d","name":"sidb_admin","image":{"@type":"ImageObject","inLanguage":"it-IT","@id":"https:\/\/secure.gravatar.com\/avatar\/76969b5badf1d89862f26e8d224798f2f4d33ffe62a9db56d3664f912739316a?s=96&d=mm&r=g","url":"https:\/\/secure.gravatar.com\/avatar\/76969b5badf1d89862f26e8d224798f2f4d33ffe62a9db56d3664f912739316a?s=96&d=mm&r=g","contentUrl":"https:\/\/secure.gravatar.com\/avatar\/76969b5badf1d89862f26e8d224798f2f4d33ffe62a9db56d3664f912739316a?s=96&d=mm&r=g","caption":"sidb_admin"}}]}},"_links":{"self":[{"href":"https:\/\/sidb-gicid.ch\/it\/wp-json\/wp\/v2\/posts\/1523","targetHints":{"allow":["GET"]}}],"collection":[{"href":"https:\/\/sidb-gicid.ch\/it\/wp-json\/wp\/v2\/posts"}],"about":[{"href":"https:\/\/sidb-gicid.ch\/it\/wp-json\/wp\/v2\/types\/post"}],"author":[{"embeddable":true,"href":"https:\/\/sidb-gicid.ch\/it\/wp-json\/wp\/v2\/users\/3"}],"replies":[{"embeddable":true,"href":"https:\/\/sidb-gicid.ch\/it\/wp-json\/wp\/v2\/comments?post=1523"}],"version-history":[{"count":4,"href":"https:\/\/sidb-gicid.ch\/it\/wp-json\/wp\/v2\/posts\/1523\/revisions"}],"predecessor-version":[{"id":2971,"href":"https:\/\/sidb-gicid.ch\/it\/wp-json\/wp\/v2\/posts\/1523\/revisions\/2971"}],"wp:attachment":[{"href":"https:\/\/sidb-gicid.ch\/it\/wp-json\/wp\/v2\/media?parent=1523"}],"wp:term":[{"taxonomy":"category","embeddable":true,"href":"https:\/\/sidb-gicid.ch\/it\/wp-json\/wp\/v2\/categories?post=1523"},{"taxonomy":"post_tag","embeddable":true,"href":"https:\/\/sidb-gicid.ch\/it\/wp-json\/wp\/v2\/tags?post=1523"}],"curies":[{"name":"wp","href":"https:\/\/api.w.org\/{rel}","templated":true}]}}