{"id":2581,"date":"2020-05-11T18:17:13","date_gmt":"2020-05-11T16:17:13","guid":{"rendered":"https:\/\/sidb-gicid.ch\/?p=2581"},"modified":"2020-05-24T13:01:22","modified_gmt":"2020-05-24T11:01:22","slug":"lasi-rivendica-lattuazione-immediata-delle-richieste-delliniziativa-sulle-cure-infermieristiche-2","status":"publish","type":"post","link":"https:\/\/sidb-gicid.ch\/it\/lasi-rivendica-lattuazione-immediata-delle-richieste-delliniziativa-sulle-cure-infermieristiche-2\/","title":{"rendered":"L&#8217;ASI rivendica l&#8217;attuazione immediata delle richieste dell&#8217;iniziativa sulle cure infermieristiche"},"content":{"rendered":"<p>In una lettera aperta al Parlamento, l&#8217;ASI chiede &#8220;fatti invece di parole&#8221;. La pandemia di Covid 19 ha evidenziato senza piet\u00e0 le debolezze del sistema sanitario svizzero, e il personale infermieristico paga ora il conto per anni di negligenza da parte della politica, ha spiegato la presidente Sophie Ley.<\/p>\n<p>La dipendenza della Svizzera dall&#8217;estero \u00e8 pericolosa, ha detto. &#8220;Se i nostri Paesi confinanti avessero rivendicato il personale infermieristico che lavora in Svizzera per la propria assistenza sanitaria, il nostro Paese sarebbe andato verso la catastrofe&#8221;. \u00a0L&#8217;associazione sottolinea da anni che la Svizzera forma troppo pochi infermieri e che chi \u00e8 formato lascia la professione frustrato perch\u00e9 l&#8217;onere \u00e8 troppo elevato e la retribuzione e il riconoscimento sono troppo bassi.<\/p>\n<p>Le argomentazioni sostenute da numerosi studi sono sul tavolo da molto tempo e i membri del Parlamento sanno cosa c&#8217;\u00e8 in gioco.<\/p>\n","protected":false},"excerpt":{"rendered":"<p>In una lettera aperta al Parlamento, l&#8217;ASI chiede &#8220;fatti invece di parole&#8221;. La pandemia di Covid 19 ha evidenziato senza piet\u00e0 le debolezze del sistema sanitario svizzero, e il personale infermieristico paga ora il conto per anni di negligenza da parte della politica, ha spiegato la presidente Sophie Ley. La dipendenza della Svizzera dall&#8217;estero \u00e8 [&hellip;]<\/p>\n","protected":false},"author":3,"featured_media":0,"comment_status":"closed","ping_status":"closed","sticky":false,"template":"","format":"standard","meta":{"footnotes":""},"categories":[15],"tags":[],"class_list":["post-2581","post","type-post","status-publish","format-standard","hentry","category-non-categorizzato"],"yoast_head":"<!-- This site is optimized with the Yoast SEO plugin v27.4 - https:\/\/yoast.com\/product\/yoast-seo-wordpress\/ -->\n<title>L&#039;ASI rivendica l&#039;attuazione immediata delle richieste dell&#039;iniziativa sulle cure infermieristiche | SIDB<\/title>\n<meta name=\"description\" content=\"L&#039;ASI rivendica l&#039;attuazione immediata delle richieste dell&#039;iniziativa sulle cure infermieristiche. Schweizerische Interessengruppe f\u00fcr Diabetesfachberatung.\" \/>\n<meta name=\"robots\" content=\"index, follow, max-snippet:-1, max-image-preview:large, max-video-preview:-1\" \/>\n<link rel=\"canonical\" href=\"https:\/\/sidb-gicid.ch\/it\/lasi-rivendica-lattuazione-immediata-delle-richieste-delliniziativa-sulle-cure-infermieristiche-2\/\" \/>\n<meta property=\"og:locale\" content=\"it_IT\" \/>\n<meta property=\"og:type\" content=\"article\" \/>\n<meta property=\"og:title\" content=\"L&#039;ASI rivendica l&#039;attuazione immediata delle richieste dell&#039;iniziativa sulle cure infermieristiche | SIDB\" \/>\n<meta property=\"og:description\" content=\"L&#039;ASI rivendica l&#039;attuazione immediata delle richieste dell&#039;iniziativa sulle cure infermieristiche. Schweizerische Interessengruppe f\u00fcr Diabetesfachberatung.\" \/>\n<meta property=\"og:url\" content=\"https:\/\/sidb-gicid.ch\/it\/lasi-rivendica-lattuazione-immediata-delle-richieste-delliniziativa-sulle-cure-infermieristiche-2\/\" \/>\n<meta property=\"og:site_name\" content=\"SIDB GICID\" \/>\n<meta property=\"article:published_time\" content=\"2020-05-11T16:17:13+00:00\" \/>\n<meta property=\"article:modified_time\" content=\"2020-05-24T11:01:22+00:00\" \/>\n<meta name=\"author\" content=\"sidb_admin\" \/>\n<meta name=\"twitter:card\" content=\"summary_large_image\" \/>\n<meta name=\"twitter:label1\" content=\"Scritto da\" \/>\n\t<meta name=\"twitter:data1\" content=\"sidb_admin\" \/>\n\t<meta name=\"twitter:label2\" content=\"Tempo di lettura stimato\" \/>\n\t<meta name=\"twitter:data2\" content=\"1 minuto\" \/>\n<script type=\"application\/ld+json\" class=\"yoast-schema-graph\">{\"@context\":\"https:\\\/\\\/schema.org\",\"@graph\":[{\"@type\":\"Article\",\"@id\":\"https:\\\/\\\/sidb-gicid.ch\\\/it\\\/lasi-rivendica-lattuazione-immediata-delle-richieste-delliniziativa-sulle-cure-infermieristiche-2\\\/#article\",\"isPartOf\":{\"@id\":\"https:\\\/\\\/sidb-gicid.ch\\\/it\\\/lasi-rivendica-lattuazione-immediata-delle-richieste-delliniziativa-sulle-cure-infermieristiche-2\\\/\"},\"author\":{\"name\":\"sidb_admin\",\"@id\":\"https:\\\/\\\/sidb-gicid.ch\\\/it\\\/#\\\/schema\\\/person\\\/b0cf1662a08ffd7c4d1d2c145099163d\"},\"headline\":\"L&#8217;ASI rivendica l&#8217;attuazione immediata delle richieste dell&#8217;iniziativa sulle cure infermieristiche\",\"datePublished\":\"2020-05-11T16:17:13+00:00\",\"dateModified\":\"2020-05-24T11:01:22+00:00\",\"mainEntityOfPage\":{\"@id\":\"https:\\\/\\\/sidb-gicid.ch\\\/it\\\/lasi-rivendica-lattuazione-immediata-delle-richieste-delliniziativa-sulle-cure-infermieristiche-2\\\/\"},\"wordCount\":154,\"articleSection\":[\"Non categorizzato\"],\"inLanguage\":\"it-IT\"},{\"@type\":\"WebPage\",\"@id\":\"https:\\\/\\\/sidb-gicid.ch\\\/it\\\/lasi-rivendica-lattuazione-immediata-delle-richieste-delliniziativa-sulle-cure-infermieristiche-2\\\/\",\"url\":\"https:\\\/\\\/sidb-gicid.ch\\\/it\\\/lasi-rivendica-lattuazione-immediata-delle-richieste-delliniziativa-sulle-cure-infermieristiche-2\\\/\",\"name\":\"L'ASI rivendica l'attuazione immediata delle richieste dell'iniziativa sulle cure infermieristiche | SIDB\",\"isPartOf\":{\"@id\":\"https:\\\/\\\/sidb-gicid.ch\\\/it\\\/#website\"},\"datePublished\":\"2020-05-11T16:17:13+00:00\",\"dateModified\":\"2020-05-24T11:01:22+00:00\",\"author\":{\"@id\":\"https:\\\/\\\/sidb-gicid.ch\\\/it\\\/#\\\/schema\\\/person\\\/b0cf1662a08ffd7c4d1d2c145099163d\"},\"description\":\"L'ASI rivendica l'attuazione immediata delle richieste dell'iniziativa sulle cure infermieristiche. Schweizerische Interessengruppe f\u00fcr Diabetesfachberatung.\",\"breadcrumb\":{\"@id\":\"https:\\\/\\\/sidb-gicid.ch\\\/it\\\/lasi-rivendica-lattuazione-immediata-delle-richieste-delliniziativa-sulle-cure-infermieristiche-2\\\/#breadcrumb\"},\"inLanguage\":\"it-IT\",\"potentialAction\":[{\"@type\":\"ReadAction\",\"target\":[\"https:\\\/\\\/sidb-gicid.ch\\\/it\\\/lasi-rivendica-lattuazione-immediata-delle-richieste-delliniziativa-sulle-cure-infermieristiche-2\\\/\"]}]},{\"@type\":\"BreadcrumbList\",\"@id\":\"https:\\\/\\\/sidb-gicid.ch\\\/it\\\/lasi-rivendica-lattuazione-immediata-delle-richieste-delliniziativa-sulle-cure-infermieristiche-2\\\/#breadcrumb\",\"itemListElement\":[{\"@type\":\"ListItem\",\"position\":1,\"name\":\"Home\",\"item\":\"https:\\\/\\\/sidb-gicid.ch\\\/it\\\/home\\\/\"},{\"@type\":\"ListItem\",\"position\":2,\"name\":\"L&#8217;ASI rivendica l&#8217;attuazione immediata delle richieste dell&#8217;iniziativa sulle cure infermieristiche\"}]},{\"@type\":\"WebSite\",\"@id\":\"https:\\\/\\\/sidb-gicid.ch\\\/it\\\/#website\",\"url\":\"https:\\\/\\\/sidb-gicid.ch\\\/it\\\/\",\"name\":\"SIDB GICID\",\"description\":\"\",\"potentialAction\":[{\"@type\":\"SearchAction\",\"target\":{\"@type\":\"EntryPoint\",\"urlTemplate\":\"https:\\\/\\\/sidb-gicid.ch\\\/it\\\/?s={search_term_string}\"},\"query-input\":{\"@type\":\"PropertyValueSpecification\",\"valueRequired\":true,\"valueName\":\"search_term_string\"}}],\"inLanguage\":\"it-IT\"},{\"@type\":\"Person\",\"@id\":\"https:\\\/\\\/sidb-gicid.ch\\\/it\\\/#\\\/schema\\\/person\\\/b0cf1662a08ffd7c4d1d2c145099163d\",\"name\":\"sidb_admin\",\"image\":{\"@type\":\"ImageObject\",\"inLanguage\":\"it-IT\",\"@id\":\"https:\\\/\\\/secure.gravatar.com\\\/avatar\\\/76969b5badf1d89862f26e8d224798f2f4d33ffe62a9db56d3664f912739316a?s=96&d=mm&r=g\",\"url\":\"https:\\\/\\\/secure.gravatar.com\\\/avatar\\\/76969b5badf1d89862f26e8d224798f2f4d33ffe62a9db56d3664f912739316a?s=96&d=mm&r=g\",\"contentUrl\":\"https:\\\/\\\/secure.gravatar.com\\\/avatar\\\/76969b5badf1d89862f26e8d224798f2f4d33ffe62a9db56d3664f912739316a?s=96&d=mm&r=g\",\"caption\":\"sidb_admin\"}}]}<\/script>\n<!-- \/ Yoast SEO plugin. -->","yoast_head_json":{"title":"L'ASI rivendica l'attuazione immediata delle richieste dell'iniziativa sulle cure infermieristiche | SIDB","description":"L'ASI rivendica l'attuazione immediata delle richieste dell'iniziativa sulle cure infermieristiche. Schweizerische Interessengruppe f\u00fcr Diabetesfachberatung.","robots":{"index":"index","follow":"follow","max-snippet":"max-snippet:-1","max-image-preview":"max-image-preview:large","max-video-preview":"max-video-preview:-1"},"canonical":"https:\/\/sidb-gicid.ch\/it\/lasi-rivendica-lattuazione-immediata-delle-richieste-delliniziativa-sulle-cure-infermieristiche-2\/","og_locale":"it_IT","og_type":"article","og_title":"L'ASI rivendica l'attuazione immediata delle richieste dell'iniziativa sulle cure infermieristiche | SIDB","og_description":"L'ASI rivendica l'attuazione immediata delle richieste dell'iniziativa sulle cure infermieristiche. Schweizerische Interessengruppe f\u00fcr Diabetesfachberatung.","og_url":"https:\/\/sidb-gicid.ch\/it\/lasi-rivendica-lattuazione-immediata-delle-richieste-delliniziativa-sulle-cure-infermieristiche-2\/","og_site_name":"SIDB GICID","article_published_time":"2020-05-11T16:17:13+00:00","article_modified_time":"2020-05-24T11:01:22+00:00","author":"sidb_admin","twitter_card":"summary_large_image","twitter_misc":{"Scritto da":"sidb_admin","Tempo di lettura stimato":"1 minuto"},"schema":{"@context":"https:\/\/schema.org","@graph":[{"@type":"Article","@id":"https:\/\/sidb-gicid.ch\/it\/lasi-rivendica-lattuazione-immediata-delle-richieste-delliniziativa-sulle-cure-infermieristiche-2\/#article","isPartOf":{"@id":"https:\/\/sidb-gicid.ch\/it\/lasi-rivendica-lattuazione-immediata-delle-richieste-delliniziativa-sulle-cure-infermieristiche-2\/"},"author":{"name":"sidb_admin","@id":"https:\/\/sidb-gicid.ch\/it\/#\/schema\/person\/b0cf1662a08ffd7c4d1d2c145099163d"},"headline":"L&#8217;ASI rivendica l&#8217;attuazione immediata delle richieste dell&#8217;iniziativa sulle cure infermieristiche","datePublished":"2020-05-11T16:17:13+00:00","dateModified":"2020-05-24T11:01:22+00:00","mainEntityOfPage":{"@id":"https:\/\/sidb-gicid.ch\/it\/lasi-rivendica-lattuazione-immediata-delle-richieste-delliniziativa-sulle-cure-infermieristiche-2\/"},"wordCount":154,"articleSection":["Non categorizzato"],"inLanguage":"it-IT"},{"@type":"WebPage","@id":"https:\/\/sidb-gicid.ch\/it\/lasi-rivendica-lattuazione-immediata-delle-richieste-delliniziativa-sulle-cure-infermieristiche-2\/","url":"https:\/\/sidb-gicid.ch\/it\/lasi-rivendica-lattuazione-immediata-delle-richieste-delliniziativa-sulle-cure-infermieristiche-2\/","name":"L'ASI rivendica l'attuazione immediata delle richieste dell'iniziativa sulle cure infermieristiche | SIDB","isPartOf":{"@id":"https:\/\/sidb-gicid.ch\/it\/#website"},"datePublished":"2020-05-11T16:17:13+00:00","dateModified":"2020-05-24T11:01:22+00:00","author":{"@id":"https:\/\/sidb-gicid.ch\/it\/#\/schema\/person\/b0cf1662a08ffd7c4d1d2c145099163d"},"description":"L'ASI rivendica l'attuazione immediata delle richieste dell'iniziativa sulle cure infermieristiche. Schweizerische Interessengruppe f\u00fcr Diabetesfachberatung.","breadcrumb":{"@id":"https:\/\/sidb-gicid.ch\/it\/lasi-rivendica-lattuazione-immediata-delle-richieste-delliniziativa-sulle-cure-infermieristiche-2\/#breadcrumb"},"inLanguage":"it-IT","potentialAction":[{"@type":"ReadAction","target":["https:\/\/sidb-gicid.ch\/it\/lasi-rivendica-lattuazione-immediata-delle-richieste-delliniziativa-sulle-cure-infermieristiche-2\/"]}]},{"@type":"BreadcrumbList","@id":"https:\/\/sidb-gicid.ch\/it\/lasi-rivendica-lattuazione-immediata-delle-richieste-delliniziativa-sulle-cure-infermieristiche-2\/#breadcrumb","itemListElement":[{"@type":"ListItem","position":1,"name":"Home","item":"https:\/\/sidb-gicid.ch\/it\/home\/"},{"@type":"ListItem","position":2,"name":"L&#8217;ASI rivendica l&#8217;attuazione immediata delle richieste dell&#8217;iniziativa sulle cure infermieristiche"}]},{"@type":"WebSite","@id":"https:\/\/sidb-gicid.ch\/it\/#website","url":"https:\/\/sidb-gicid.ch\/it\/","name":"SIDB GICID","description":"","potentialAction":[{"@type":"SearchAction","target":{"@type":"EntryPoint","urlTemplate":"https:\/\/sidb-gicid.ch\/it\/?s={search_term_string}"},"query-input":{"@type":"PropertyValueSpecification","valueRequired":true,"valueName":"search_term_string"}}],"inLanguage":"it-IT"},{"@type":"Person","@id":"https:\/\/sidb-gicid.ch\/it\/#\/schema\/person\/b0cf1662a08ffd7c4d1d2c145099163d","name":"sidb_admin","image":{"@type":"ImageObject","inLanguage":"it-IT","@id":"https:\/\/secure.gravatar.com\/avatar\/76969b5badf1d89862f26e8d224798f2f4d33ffe62a9db56d3664f912739316a?s=96&d=mm&r=g","url":"https:\/\/secure.gravatar.com\/avatar\/76969b5badf1d89862f26e8d224798f2f4d33ffe62a9db56d3664f912739316a?s=96&d=mm&r=g","contentUrl":"https:\/\/secure.gravatar.com\/avatar\/76969b5badf1d89862f26e8d224798f2f4d33ffe62a9db56d3664f912739316a?s=96&d=mm&r=g","caption":"sidb_admin"}}]}},"_links":{"self":[{"href":"https:\/\/sidb-gicid.ch\/it\/wp-json\/wp\/v2\/posts\/2581","targetHints":{"allow":["GET"]}}],"collection":[{"href":"https:\/\/sidb-gicid.ch\/it\/wp-json\/wp\/v2\/posts"}],"about":[{"href":"https:\/\/sidb-gicid.ch\/it\/wp-json\/wp\/v2\/types\/post"}],"author":[{"embeddable":true,"href":"https:\/\/sidb-gicid.ch\/it\/wp-json\/wp\/v2\/users\/3"}],"replies":[{"embeddable":true,"href":"https:\/\/sidb-gicid.ch\/it\/wp-json\/wp\/v2\/comments?post=2581"}],"version-history":[{"count":1,"href":"https:\/\/sidb-gicid.ch\/it\/wp-json\/wp\/v2\/posts\/2581\/revisions"}],"predecessor-version":[{"id":2582,"href":"https:\/\/sidb-gicid.ch\/it\/wp-json\/wp\/v2\/posts\/2581\/revisions\/2582"}],"wp:attachment":[{"href":"https:\/\/sidb-gicid.ch\/it\/wp-json\/wp\/v2\/media?parent=2581"}],"wp:term":[{"taxonomy":"category","embeddable":true,"href":"https:\/\/sidb-gicid.ch\/it\/wp-json\/wp\/v2\/categories?post=2581"},{"taxonomy":"post_tag","embeddable":true,"href":"https:\/\/sidb-gicid.ch\/it\/wp-json\/wp\/v2\/tags?post=2581"}],"curies":[{"name":"wp","href":"https:\/\/api.w.org\/{rel}","templated":true}]}}